{"id":122916,"date":"2021-08-01T10:14:48","date_gmt":"2021-08-01T14:14:48","guid":{"rendered":"https:\/\/linitiative.ca\/International\/ladd-et-le-cdd-signent-une-convention-de-partenariat\/"},"modified":"2021-08-01T10:14:48","modified_gmt":"2021-08-01T14:14:48","slug":"ladd-et-le-cdd-signent-une-convention-de-partenariat","status":"publish","type":"post","link":"https:\/\/linitiative.ca\/International\/ladd-et-le-cdd-signent-une-convention-de-partenariat\/","title":{"rendered":"L\u2019ADD et le CDD signent une convention de partenariat"},"content":{"rendered":"<div>\n<p class=\"has-text-align-center has-vivid-red-color has-text-color\"><strong>Formation et d\u00e9veloppement des talents digitaux<\/strong><\/p>\n<p class=\"has-vivid-cyan-blue-color has-text-color\"><strong>L\u2019Agence de D\u00e9veloppement du Digital (ADD) et le Club des Dirigeants du Maroc (CDD) viennent de signer une convention-cadre de partenariat, visant \u00e0 d\u00e9finir les conditions et modalit\u00e9s de partenariat dans le domaine du digital.<\/strong><\/p>\n<p>Les deux entit\u00e9s s\u2019accordent, en vertu de cette convention, \u00e0 mutualiser leurs efforts et de cr\u00e9er des synergies et des convergences en vue de mettre en \u0153uvre les actions inscrites dans la convention de coop\u00e9ration \u00e0 travers deux principaux axes, \u00e0 savoir la formation et le d\u00e9veloppement des talents digitaux, et l\u2019\u00e9conomie num\u00e9rique.<\/p>\n<p>Pour ce qui est du premier axe, il repose sur l\u2019implication du CDD dans le chantier \u00ab\u00a0G\u00e9n\u00e9ration digitale\u00a0\u00bb, notamment les cursus de formation qui seront d\u00e9velopp\u00e9s par l\u2019ADD \u00e0 destination de ses partenaires entreprises, et l\u2019engagement des deux parties pour le d\u00e9veloppement et la promotion d\u2019un r\u00e9f\u00e9rentiel de comp\u00e9tences et d\u2019un syst\u00e8me pr\u00e9visionnel du besoin.<\/p>\n<p>En ce qui concerne l\u2019axe de l\u2019\u00e9conomie num\u00e9rique, il r\u00e9side dans l\u2019organisation d\u2019activit\u00e9s de sensibilisation et de promotion de l\u2019usage du digital et des technologies \u00e9mergentes au sein des PME et TPE, et la contribution du CDD dans le cadre de la mise en \u0153uvre du chantier \u00ab\u00a0Digital PME\u00a0\u00bb, lors des enqu\u00eates \u00e0 mener aupr\u00e8s des entreprises.<\/p>\n<p>A travers la conclusion de ce partenariat, l\u2019ADD et le CDD s\u2019engagent \u00e0 faire r\u00e9ussir le chantier de la transformation digitale de l\u2019\u00e9conomie, \u00e0 travers la mise en place des m\u00e9canismes n\u00e9cessaires dont le volet formation, et r\u00e9pondre ainsi aux attentes des PME et TPE.<\/p>\n<p>Pour rappel, l\u2019ADD est un \u00e9tablissement public strat\u00e9gique dot\u00e9 de la personnalit\u00e9 morale et de l\u2019autonomie financi\u00e8re. Cr\u00e9\u00e9e en 2019, l\u2019agence a pour mission principale de mettre en \u0153uvre la strat\u00e9gie de l\u2019Etat en mati\u00e8re de d\u00e9veloppement du digital et de promouvoir la diffusion des outils num\u00e9riques et le d\u00e9veloppement de leur usage aupr\u00e8s des citoyens.<\/p>\n<p>Quant au CDD, c\u2019est une association qui regroupe un r\u00e9seau de chefs d\u2019entreprises et de cadres dirigeants de tous secteurs d\u2019activit\u00e9s. V\u00e9ritable espace de rencontres, il favorise les \u00e9changes entre entrepreneurs, les synergies et les signatures de nouvelles affaires, l\u2019appropriation des meilleures pratiques \u00e9co-environnementales et num\u00e9riques, et d\u2019int\u00e9grit\u00e9 des affaires, ainsi que le rayonnement \u00e9conomique du Maroc \u00e0 l\u2019international.<\/p>\n<p>L\u2019article <a rel=\"nofollow\" href=\"http:\/\/albayane.press.ma\/ladd-et-le-cdd-signent-une-convention-de-partenariat.html\">L\u2019ADD et le CDD signent une convention de partenariat<\/a> est apparu en premier sur <a rel=\"nofollow\" href=\"http:\/\/albayane.press.ma\/\">ALBAYANE<\/a>.<\/p>\n<\/div>\n<p>Auteur: M&rsquo;hammed rahal<br \/>\n<a href=\"http:\/\/albayane.press.ma\/ladd-et-le-cdd-signent-une-convention-de-partenariat.html\">Cliquez ici pour lire l&rsquo;article depuis sa source.<\/a><\/p>\n","protected":false},"excerpt":{"rendered":"<p>Formation et d\u00e9veloppement des talents digitaux L\u2019Agence de D\u00e9veloppement du Digital (ADD) et le Club des Dirigeants du Maroc (CDD) viennent de signer une convention-cadre de partenariat, visant \u00e0 d\u00e9finir les conditions et modalit\u00e9s de partenariat dans le domaine du digital. Les deux entit\u00e9s s\u2019accordent, en vertu de cette convention, \u00e0 mutualiser leurs efforts et [&hellip;]<\/p>\n","protected":false},"author":1760,"featured_media":0,"comment_status":"closed","ping_status":"closed","sticky":false,"template":"","format":"standard","meta":{"fifu_image_url":"","fifu_image_alt":"","footnotes":""},"categories":[73,54],"tags":[],"class_list":["post-122916","post","type-post","status-publish","format-standard","hentry","category-actualite","category-maroc"],"_links":{"self":[{"href":"https:\/\/linitiative.ca\/International\/wp-json\/wp\/v2\/posts\/122916","targetHints":{"allow":["GET"]}}],"collection":[{"href":"https:\/\/linitiative.ca\/International\/wp-json\/wp\/v2\/posts"}],"about":[{"href":"https:\/\/linitiative.ca\/International\/wp-json\/wp\/v2\/types\/post"}],"author":[{"embeddable":true,"href":"https:\/\/linitiative.ca\/International\/wp-json\/wp\/v2\/users\/1760"}],"replies":[{"embeddable":true,"href":"https:\/\/linitiative.ca\/International\/wp-json\/wp\/v2\/comments?post=122916"}],"version-history":[{"count":0,"href":"https:\/\/linitiative.ca\/International\/wp-json\/wp\/v2\/posts\/122916\/revisions"}],"wp:attachment":[{"href":"https:\/\/linitiative.ca\/International\/wp-json\/wp\/v2\/media?parent=122916"}],"wp:term":[{"taxonomy":"category","embeddable":true,"href":"https:\/\/linitiative.ca\/International\/wp-json\/wp\/v2\/categories?post=122916"},{"taxonomy":"post_tag","embeddable":true,"href":"https:\/\/linitiative.ca\/International\/wp-json\/wp\/v2\/tags?post=122916"}],"curies":[{"name":"wp","href":"https:\/\/api.w.org\/{rel}","templated":true}]}}