{"id":122919,"date":"2021-08-01T10:32:55","date_gmt":"2021-08-01T14:32:55","guid":{"rendered":"https:\/\/linitiative.ca\/International\/linauguration-de-consulats-de-pays-africains-au-sahara-est-le-fruit-de-la-vision-eclairee-de-sm-le-roi\/"},"modified":"2021-08-01T10:32:55","modified_gmt":"2021-08-01T14:32:55","slug":"linauguration-de-consulats-de-pays-africains-au-sahara-est-le-fruit-de-la-vision-eclairee-de-sm-le-roi","status":"publish","type":"post","link":"https:\/\/linitiative.ca\/International\/linauguration-de-consulats-de-pays-africains-au-sahara-est-le-fruit-de-la-vision-eclairee-de-sm-le-roi\/","title":{"rendered":"L\u2019inauguration de consulats de pays africains au Sahara est le fruit de la vision \u00e9clair\u00e9e de SM le Roi"},"content":{"rendered":"<div>\n<p class=\"has-text-align-center has-vivid-red-color has-text-color\"><strong>Nasser Bourita, ministre des Affaires \u00e9trang\u00e8res, de la Coop\u00e9ration africaine et des Marocains r\u00e9sidant \u00e0 l\u2019\u00e9tranger<\/strong><\/p>\n<p class=\"has-text-color\" style=\"color:#0626e5\"><strong>L\u2019ouverture par plusieurs pays africains de repr\u00e9sentations diplomatiques dans les provinces du Sud est le fruit de la vision \u00e9clair\u00e9e de SM le Roi Mohammed VI, a affirm\u00e9 le ministre des Affaires \u00e9trang\u00e8res, de la Coop\u00e9ration africaine et des Marocains r\u00e9sidant \u00e0 l\u2019\u00e9tranger, Nasser Bourita.<\/strong><\/p>\n<p>Cette strat\u00e9gie africaine \u00ab\u00a0bien \u00e9tudi\u00e9e\u00a0\u00bb repose sur l\u2019ouverture du Royaume \u00e0 toutes les r\u00e9gions du continent et la volont\u00e9 de faire des provinces du Sud un trait d\u2019union entre le Maroc et sa profondeur africaine, a indiqu\u00e9 M. Bourita qui s\u2019exprimait jeudi lors d\u2019un point de presse conjoint avec son homologue du Malawi, Eisenhower Nduwa Mkaka, \u00e0 l\u2019issue de la c\u00e9r\u00e9monie d\u2019inauguration du consulat g\u00e9n\u00e9ral de ce pays \u00e0 La\u00e2youne.<\/p>\n<p>Il a ajout\u00e9 que cette nouvelle politique africaine du Royaume, dont les fondements ont \u00e9t\u00e9 pos\u00e9s par le Souverain, a eu un impact \u00ab\u00a0tr\u00e8s positif\u00a0\u00bb sur le d\u00e9veloppement du dossier de l\u2019int\u00e9grit\u00e9 territoriale du Royaume.<\/p>\n<p>Le ministre a relev\u00e9 que le 1\/3 des consulats ouverts jusqu\u2019\u00e0 pr\u00e9sent \u00e0 La\u00e2youne et \u00e0 Dakhla appartient \u00e0 des pays africains repr\u00e9sentant toutes les r\u00e9gions du continent : L\u2019Afrique occidentale, l\u2019Afrique de l\u2019Est et l\u2019Afrique australe, pr\u00e9cisant que plusieurs autres pays du continent ont exprim\u00e9 leur volont\u00e9 d\u2019inaugurer prochainement des repr\u00e9sentations dans les provinces du Sud du Royaume.<\/p>\n<p>Il a rappel\u00e9 dans ce cadre que cinq pays de la Communaut\u00e9 de d\u00e9veloppement d\u2019Afrique australe (SADC) disposent d\u00e9sormais d\u2019antennes diplomatiques au Sahara marocain: RDC, Zambie, Eswatini, Iles des Comores, en plus du Malawi.<\/p>\n<p>M. Bourita a not\u00e9 que l\u2019ouverture d\u2019un consulat du Malawi \u00e0 La\u00e2youne s\u2019inscrit dans le cadre de la nouvelle dynamique des relations bilat\u00e9rales, apr\u00e8s la d\u00e9cision de ce pays de retirer en 2017 sa reconnaissance de la pseudo \u00ab\u00a0RASD\u00a0\u00bb, et de la volont\u00e9 des deux Etats de d\u00e9velopper davantage leur coop\u00e9ration.<\/p>\n<p>Depuis cette date, a-t-il poursuivi, les relations entre les deux pays ont connu un d\u00e9veloppement soutenu dans les domaines politique, \u00e9conomique et du partage des exp\u00e9riences dans tous les secteurs, rappelant la d\u00e9cision du Maroc et du Malawi de r\u00e9unir prochainement la commission mixte bilat\u00e9rale et d\u2019ouvrir des repr\u00e9sentations \u00e0 Rabat et \u00e0 Lilongwe.<\/p>\n<p>Le ministre a exprim\u00e9 le souhait que l\u2019ouverture du consulat du Malawi \u00e0 La\u00e2youne puisse servir d\u2019outil pour la consolidation des relations \u00e9conomiques et des \u00e9changes humains entre les deux pays et les deux peuples.<\/p>\n<p>L\u2019article <a rel=\"nofollow\" href=\"http:\/\/albayane.press.ma\/linauguration-de-consulats-de-pays-africains-au-sahara-est-le-fruit-de-la-vision-eclairee-de-sm-le-roi.html\">L\u2019inauguration de consulats de pays africains au Sahara est le fruit de la vision \u00e9clair\u00e9e de SM le Roi<\/a> est apparu en premier sur <a rel=\"nofollow\" href=\"http:\/\/albayane.press.ma\/\">ALBAYANE<\/a>.<\/p>\n<\/div>\n<p>Auteur: M&rsquo;hammed rahal<br \/>\n<a href=\"http:\/\/albayane.press.ma\/linauguration-de-consulats-de-pays-africains-au-sahara-est-le-fruit-de-la-vision-eclairee-de-sm-le-roi.html\">Cliquez ici pour lire l&rsquo;article depuis sa source.<\/a><\/p>\n","protected":false},"excerpt":{"rendered":"<p>Nasser Bourita, ministre des Affaires \u00e9trang\u00e8res, de la Coop\u00e9ration africaine et des Marocains r\u00e9sidant \u00e0 l\u2019\u00e9tranger L\u2019ouverture par plusieurs pays africains de repr\u00e9sentations diplomatiques dans les provinces du Sud est le fruit de la vision \u00e9clair\u00e9e de SM le Roi Mohammed VI, a affirm\u00e9 le ministre des Affaires \u00e9trang\u00e8res, de la Coop\u00e9ration africaine et des [&hellip;]<\/p>\n","protected":false},"author":1760,"featured_media":0,"comment_status":"closed","ping_status":"closed","sticky":false,"template":"","format":"standard","meta":{"fifu_image_url":"","fifu_image_alt":"","footnotes":""},"categories":[73,54],"tags":[],"class_list":["post-122919","post","type-post","status-publish","format-standard","hentry","category-actualite","category-maroc"],"_links":{"self":[{"href":"https:\/\/linitiative.ca\/International\/wp-json\/wp\/v2\/posts\/122919","targetHints":{"allow":["GET"]}}],"collection":[{"href":"https:\/\/linitiative.ca\/International\/wp-json\/wp\/v2\/posts"}],"about":[{"href":"https:\/\/linitiative.ca\/International\/wp-json\/wp\/v2\/types\/post"}],"author":[{"embeddable":true,"href":"https:\/\/linitiative.ca\/International\/wp-json\/wp\/v2\/users\/1760"}],"replies":[{"embeddable":true,"href":"https:\/\/linitiative.ca\/International\/wp-json\/wp\/v2\/comments?post=122919"}],"version-history":[{"count":0,"href":"https:\/\/linitiative.ca\/International\/wp-json\/wp\/v2\/posts\/122919\/revisions"}],"wp:attachment":[{"href":"https:\/\/linitiative.ca\/International\/wp-json\/wp\/v2\/media?parent=122919"}],"wp:term":[{"taxonomy":"category","embeddable":true,"href":"https:\/\/linitiative.ca\/International\/wp-json\/wp\/v2\/categories?post=122919"},{"taxonomy":"post_tag","embeddable":true,"href":"https:\/\/linitiative.ca\/International\/wp-json\/wp\/v2\/tags?post=122919"}],"curies":[{"name":"wp","href":"https:\/\/api.w.org\/{rel}","templated":true}]}}