{"id":122920,"date":"2021-08-01T10:38:22","date_gmt":"2021-08-01T14:38:22","guid":{"rendered":"https:\/\/linitiative.ca\/International\/la-campagne-fait-escale-a-dakhla\/"},"modified":"2021-08-01T10:38:22","modified_gmt":"2021-08-01T14:38:22","slug":"la-campagne-fait-escale-a-dakhla","status":"publish","type":"post","link":"https:\/\/linitiative.ca\/International\/la-campagne-fait-escale-a-dakhla\/","title":{"rendered":"La campagne fait escale \u00e0 Dakhla"},"content":{"rendered":"<div>\n<p class=\"has-text-align-center has-vivid-red-color has-text-color\"><strong>\u00abBharBlaPlastic\u00bb<\/strong><\/p>\n<p class=\"has-vivid-cyan-blue-color has-text-color\"><strong>La Fondation Mohammed VI pour la protection de l\u2019environnement, pr\u00e9sid\u00e9e par SAR la Princesse Lalla Hasnaa, a organis\u00e9, samedi \u00e0 la plage Al Moussafir \u00e0 Dakhla, une action de sensibilisation baptis\u00e9e \u00ab\u00a0BharBlaPlastic\u00a0\u00bb, dans le cadre de son op\u00e9ration de mobilisation pour lutter contre la pollution des mers et des oc\u00e9ans par les d\u00e9chets plastiques.<\/strong><\/p>\n<p>Cette action \u00e9cologique est men\u00e9e conjointement par la Fondation, le minist\u00e8re de l\u2019\u00c9ducation nationale et l\u2019Office National de l\u2019\u00c9lectricit\u00e9 et de l\u2019Eau Potable (ONEE).<\/p>\n<p>L\u2019\u00e9tape de Dakhla a \u00e9t\u00e9 marqu\u00e9e par des activit\u00e9s de sensibilisation \u00e0 travers des ateliers th\u00e9matiques portant notamment sur le recyclage de ces d\u00e9chets, le dessin, l\u2019efficacit\u00e9 \u00e9nerg\u00e9tique et \u00e9nergie renouvelable, le cycle de vie des d\u00e9chets plastiques et sur la qualit\u00e9 des eaux de baignade, au profit de \u00e0 des jeunes des programmes Eco-Ecoles, des Jeunes reporters pour l\u2019environnement et des \u00e9tudiants appartenant au r\u00e9seau des universit\u00e9s vertes, qui ont re\u00e7u \u00e9galement des enseignements th\u00e9oriques et pratiques de plong\u00e9e et de natation, avec la participation de l\u2019association Al Marjane de plong\u00e9e et des sports nautiques.<\/p>\n<p>A cette occasion, un groupe de plongeurs professionnels a \u00e9t\u00e9 mobilis\u00e9 pour retirer des d\u00e9chets, plastiques et autres du fond marin.<\/p>\n<p>Cette action de sensibilisation s\u2019inscrit dans le cadre de la poursuite, pendant cet \u00e9t\u00e9, de la campagne \u00ab\u00a0BharblaPlastic\u00a0\u00bb lanc\u00e9e en 2019 par la Fondation, en faveur de la pr\u00e9servation des environnements marins contre la pollution, a d\u00e9clar\u00e9 \u00e0 la MAP Mouna Belbekri, charg\u00e9e du programme Eco-\u00e9coles et des animations p\u00e9dagogiques \u00e0 la Fondation Mohammed VI pour la protection de l\u2019environnement.<\/p>\n<p>Mme Belbekri a not\u00e9 qu\u2019une s\u00e9rie d\u2019activit\u00e9s p\u00e9dagogiques a profit\u00e9 aux jeunes des programmes Eco-Ecoles et des Jeunes reporters pour l\u2019environnement dans les lyc\u00e9es et coll\u00e8ges.<\/p>\n<p>De m\u00eame, elle a mis l\u2019accent sur l\u2019action men\u00e9e lors de cette manifestation par des plongeurs professionnels ayant rep\u00each\u00e9 des d\u00e9chets plastiques pour sensibiliser les enfants quant \u00e0 la protection de la plage et l\u2019oc\u00e9an, faisant savoir que ces jeunes ont b\u00e9n\u00e9fici\u00e9 des enseignements pratiques de plong\u00e9e et de natation.<\/p>\n<p>Pour sa part, Mohamed El Amine El Ansi, charg\u00e9 des actions environnementales \u00e0 l\u2019ONEE a indiqu\u00e9 que cette initiative qui s\u2019inscrit dans le cadre des plages propres, vise \u00e0 sensibiliser les jeunes quant \u00e0 la pr\u00e9servation de l\u2019environnement et le changement des comportements.<\/p>\n<p>A l\u2019issue de cette manifestation, des troph\u00e9es ont \u00e9t\u00e9 remis aux diff\u00e9rents partenaires et participants.<\/p>\n<p>L\u2019op\u00e9ration #bharblaplastic, qui consiste \u00e0 collecter des d\u00e9chets plastiques dans les 105 plages du programme Plages Propres, permet de se rendre compte de la r\u00e9alit\u00e9 de cette menace grandissante.<\/p>\n<p>Elle propose \u00e9galement des solutions en apprenant aux participants \u00e0 r\u00e9duire leur utilisation de plastique et en recyclant les d\u00e9chets plastiques collect\u00e9s, selon les principes d\u2019une \u00e9conomie circulaire.<\/p>\n<p>L\u2019article <a rel=\"nofollow\" href=\"http:\/\/albayane.press.ma\/la-campagne-fait-escale-a-dakhla.html\">La campagne fait escale \u00e0 Dakhla<\/a> est apparu en premier sur <a rel=\"nofollow\" href=\"http:\/\/albayane.press.ma\/\">ALBAYANE<\/a>.<\/p>\n<\/div>\n<p>Auteur: M&rsquo;hammed rahal<br \/>\n<a href=\"http:\/\/albayane.press.ma\/la-campagne-fait-escale-a-dakhla.html\">Cliquez ici pour lire l&rsquo;article depuis sa source.<\/a><\/p>\n","protected":false},"excerpt":{"rendered":"<p>\u00abBharBlaPlastic\u00bb La Fondation Mohammed VI pour la protection de l\u2019environnement, pr\u00e9sid\u00e9e par SAR la Princesse Lalla Hasnaa, a organis\u00e9, samedi \u00e0 la plage Al Moussafir \u00e0 Dakhla, une action de sensibilisation baptis\u00e9e \u00ab\u00a0BharBlaPlastic\u00a0\u00bb, dans le cadre de son op\u00e9ration de mobilisation pour lutter contre la pollution des mers et des oc\u00e9ans par les d\u00e9chets plastiques. [&hellip;]<\/p>\n","protected":false},"author":1760,"featured_media":0,"comment_status":"closed","ping_status":"closed","sticky":false,"template":"","format":"standard","meta":{"fifu_image_url":"","fifu_image_alt":"","footnotes":""},"categories":[73,54],"tags":[],"class_list":["post-122920","post","type-post","status-publish","format-standard","hentry","category-actualite","category-maroc"],"_links":{"self":[{"href":"https:\/\/linitiative.ca\/International\/wp-json\/wp\/v2\/posts\/122920","targetHints":{"allow":["GET"]}}],"collection":[{"href":"https:\/\/linitiative.ca\/International\/wp-json\/wp\/v2\/posts"}],"about":[{"href":"https:\/\/linitiative.ca\/International\/wp-json\/wp\/v2\/types\/post"}],"author":[{"embeddable":true,"href":"https:\/\/linitiative.ca\/International\/wp-json\/wp\/v2\/users\/1760"}],"replies":[{"embeddable":true,"href":"https:\/\/linitiative.ca\/International\/wp-json\/wp\/v2\/comments?post=122920"}],"version-history":[{"count":0,"href":"https:\/\/linitiative.ca\/International\/wp-json\/wp\/v2\/posts\/122920\/revisions"}],"wp:attachment":[{"href":"https:\/\/linitiative.ca\/International\/wp-json\/wp\/v2\/media?parent=122920"}],"wp:term":[{"taxonomy":"category","embeddable":true,"href":"https:\/\/linitiative.ca\/International\/wp-json\/wp\/v2\/categories?post=122920"},{"taxonomy":"post_tag","embeddable":true,"href":"https:\/\/linitiative.ca\/International\/wp-json\/wp\/v2\/tags?post=122920"}],"curies":[{"name":"wp","href":"https:\/\/api.w.org\/{rel}","templated":true}]}}