{"id":122921,"date":"2021-07-31T17:51:38","date_gmt":"2021-07-31T21:51:38","guid":{"rendered":"https:\/\/linitiative.ca\/International\/7-529-cas-plus-de-101-millions-personnes-completement-vaccinees\/"},"modified":"2021-07-31T17:51:38","modified_gmt":"2021-07-31T21:51:38","slug":"7-529-cas-plus-de-101-millions-personnes-completement-vaccinees","status":"publish","type":"post","link":"https:\/\/linitiative.ca\/International\/7-529-cas-plus-de-101-millions-personnes-completement-vaccinees\/","title":{"rendered":"7.529 cas, plus de 10,1 millions personnes compl\u00e8tement vaccin\u00e9es"},"content":{"rendered":"<div>\n<div style=\"margin-bottom:20px;\"><img loading=\"lazy\" decoding=\"async\" width=\"750\" height=\"430\" src=\"https:\/\/linitiative.ca\/International\/wp-content\/uploads\/sites\/23\/2021\/08\/Covid-fr.jpg\" class=\"attachment-post-thumbnail size-post-thumbnail wp-post-image\" alt=\"\" srcset=\"https:\/\/linitiative.ca\/International\/wp-content\/uploads\/sites\/23\/2021\/08\/Covid-fr.jpg 750w, http:\/\/www.mapmarrakech.ma\/map\/uploads\/2021\/07\/Covid-fr-300x172.jpg 300w\" sizes=\"auto, (max-width: 750px) 100vw, 750px\"><\/div>\n<p align=\"justify\">Le nombre des primo-vaccin\u00e9s est de 13.631.005, tandis que celui des personnes compl\u00e8tement vaccin\u00e9es (1\u00e8re et 2\u00e8me doses) s\u2019\u00e9l\u00e8ve \u00e0 10.124505, a pr\u00e9cis\u00e9 le minist\u00e8re dans son bulletin quotidien sur la situation de Covid-19.<\/p>\n<p align=\"justify\">Le nouveau bilan porte \u00e0 623.528 le nombre total des contaminations depuis le premier cas signal\u00e9 au Maroc en mars 2020. Le nombre des personnes r\u00e9tablies est pass\u00e9 \u00e0 561.930, soit un taux de gu\u00e9rison de 90,1%.<\/p>\n<p align=\"justify\">Les nouvelles contaminations ont \u00e9t\u00e9 recens\u00e9es dans les r\u00e9gions de Casablanca-Settat (1.808), Rabat-Sal\u00e9-Kenitra (1.329), Marrakech-Safi (1.297), Souss-Massa (1.139), Beni Mellal-Kh\u00e9nifra (459), Tanger-T\u00e9touan-Al Hoceima (404), Guelmim-Oued Noun (310), Dr\u00e2a-Tafilalet (254), l\u2019Oriental (243), F\u00e8s-Mekn\u00e8s (130), La\u00e2youne-Sakia El Hamra (83),et Dakhla-Oued Eddahab (73).<\/p>\n<p align=\"justify\">Quant aux d\u00e9c\u00e8s, le nombre total est pass\u00e9 \u00e0 9.785 (l\u00e9talit\u00e9 1,6%), avec 53 nouveaux cas enregistr\u00e9s dans les r\u00e9gions de Casablanca-Settat (17), Marrakech-Safi (8), Tanger-T\u00e9touan-Al Hoceima (5), Beni Mellal-Kh\u00e9nifra (4), Rabat-Sal\u00e9-Kenitra (3), La\u00e2youne-Sakia El Hamra (4), Souss-Massa (3), l\u2019Oriental (2), Guelmim-Oued Noun (2), Dr\u00e2a-Tafilalet (2), F\u00e8s-Mekn\u00e8s (2) et Dakhla-Oued Eddahab (1)<\/p>\n<p align=\"justify\">Les cas actifs sont au nombre de 51.813, tandis que les cas s\u00e9v\u00e8res ou critiques ont atteint 950, dont 30 plac\u00e9s sous intubation.<\/p>\n<p>The post <a rel=\"nofollow\" href=\"http:\/\/www.mapmarrakech.ma\/fr\/7-529-cas-plus-de-101-millions-personnes-completement-vaccinees\/\">7.529 cas, plus de 10,1 millions personnes compl\u00e8tement vaccin\u00e9es<\/a> appeared first on <a rel=\"nofollow\" href=\"http:\/\/www.mapmarrakech.ma\/fr\">MapMarrakech<\/a>.<\/p>\n<\/div>\n<p>Auteur: Meriem IGASS<br \/>\n<a href=\"http:\/\/www.mapmarrakech.ma\/fr\/7-529-cas-plus-de-101-millions-personnes-completement-vaccinees\/\">Cliquez ici pour lire l&rsquo;article depuis sa source.<\/a><\/p>\n","protected":false},"excerpt":{"rendered":"<p>Le nombre des primo-vaccin\u00e9s est de 13.631.005, tandis que celui des personnes compl\u00e8tement vaccin\u00e9es (1\u00e8re et 2\u00e8me doses) s\u2019\u00e9l\u00e8ve \u00e0 10.124505, a pr\u00e9cis\u00e9 le minist\u00e8re dans son bulletin quotidien sur la situation de Covid-19. Le nouveau bilan porte \u00e0 623.528 le nombre total des contaminations depuis le premier cas signal\u00e9 au Maroc en mars 2020. [&hellip;]<\/p>\n","protected":false},"author":1788,"featured_media":0,"comment_status":"closed","ping_status":"closed","sticky":false,"template":"","format":"standard","meta":{"fifu_image_url":"http:\/\/www.mapmarrakech.ma\/map\/uploads\/2021\/07\/Covid-fr.jpg","fifu_image_alt":"7.529 cas, plus de 10,1 millions personnes compl\u00e8tement vaccin\u00e9es","footnotes":""},"categories":[54,76],"tags":[],"class_list":["post-122921","post","type-post","status-publish","format-standard","hentry","category-maroc","category-regions"],"_links":{"self":[{"href":"https:\/\/linitiative.ca\/International\/wp-json\/wp\/v2\/posts\/122921","targetHints":{"allow":["GET"]}}],"collection":[{"href":"https:\/\/linitiative.ca\/International\/wp-json\/wp\/v2\/posts"}],"about":[{"href":"https:\/\/linitiative.ca\/International\/wp-json\/wp\/v2\/types\/post"}],"author":[{"embeddable":true,"href":"https:\/\/linitiative.ca\/International\/wp-json\/wp\/v2\/users\/1788"}],"replies":[{"embeddable":true,"href":"https:\/\/linitiative.ca\/International\/wp-json\/wp\/v2\/comments?post=122921"}],"version-history":[{"count":0,"href":"https:\/\/linitiative.ca\/International\/wp-json\/wp\/v2\/posts\/122921\/revisions"}],"wp:attachment":[{"href":"https:\/\/linitiative.ca\/International\/wp-json\/wp\/v2\/media?parent=122921"}],"wp:term":[{"taxonomy":"category","embeddable":true,"href":"https:\/\/linitiative.ca\/International\/wp-json\/wp\/v2\/categories?post=122921"},{"taxonomy":"post_tag","embeddable":true,"href":"https:\/\/linitiative.ca\/International\/wp-json\/wp\/v2\/tags?post=122921"}],"curies":[{"name":"wp","href":"https:\/\/api.w.org\/{rel}","templated":true}]}}