{"id":122925,"date":"2021-07-31T19:36:24","date_gmt":"2021-07-31T23:36:24","guid":{"rendered":"https:\/\/linitiative.ca\/International\/la-societe-civile-contribue-a-la-reussite-de-la-campagne-de-vaccination\/"},"modified":"2021-07-31T19:36:24","modified_gmt":"2021-07-31T23:36:24","slug":"la-societe-civile-contribue-a-la-reussite-de-la-campagne-de-vaccination","status":"publish","type":"post","link":"https:\/\/linitiative.ca\/International\/la-societe-civile-contribue-a-la-reussite-de-la-campagne-de-vaccination\/","title":{"rendered":"La soci\u00e9t\u00e9 civile contribue \u00e0 la r\u00e9ussite de la campagne de vaccination"},"content":{"rendered":"<div>\n<div style=\"margin-bottom:20px;\"><img loading=\"lazy\" decoding=\"async\" width=\"750\" height=\"430\" src=\"https:\/\/linitiative.ca\/International\/wp-content\/uploads\/sites\/23\/2021\/08\/vaccin-1-copier-1.jpg\" class=\"attachment-post-thumbnail size-post-thumbnail wp-post-image\" alt=\"\" srcset=\"https:\/\/linitiative.ca\/International\/wp-content\/uploads\/sites\/23\/2021\/08\/vaccin-1-copier-1.jpg 750w, http:\/\/www.mapmarrakech.ma\/map\/uploads\/2021\/07\/vaccin-1-copier-1-300x172.jpg 300w\" sizes=\"auto, (max-width: 750px) 100vw, 750px\"><\/div>\n<p>Cette unit\u00e9 m\u00e9dicale mobile a sillonn\u00e9, samedi, les points les plus fr\u00e9quent\u00e9s par les Safiots en vue de rapprocher davantage la vaccination anti-Covid-19 des citoyens.<\/p>\n<p>Fruit d\u2019un partenariat tripartite entre la Province de Safi, la D\u00e9l\u00e9gation provinciale de la sant\u00e9 et l\u2019association Mains Blanches pour le D\u00e9veloppement Durable, cette initiative intervient dans un contexte marqu\u00e9 par la recrudescence des cas de la Covid-19 au niveau national.<\/p>\n<p>Dans une d\u00e9claration \u00e0 la MAP, le pr\u00e9sident de l\u2019association Mains blanches pour le D\u00e9veloppement Durable de Safi, M. Abdeslam Kourir, a tenu \u00e0 rappeler que la soci\u00e9t\u00e9 civile a grandement contribu\u00e9 aux efforts visant \u00e0 enrayer la propagation du nouveau coronavirus (Covid-19), \u00e0 travers la sensibilisation aux dangers de cette pand\u00e9mie ou l\u2019incitation des populations \u00e0 la vaccination en tant que moyen idoine d\u2019immunisation contre le virus et de la maitrise de sa propagation.<\/p>\n<p>En mettant \u00e0 la disposition de la D\u00e9l\u00e9gation provinciale de la sant\u00e9 une unit\u00e9 m\u00e9dicale mobile, la soci\u00e9t\u00e9 civile ambitionne de contribuer \u00e0 la r\u00e9ussite de cette campagne nationale de vaccination anti-Covid-19 afin que le Maroc parvienne \u00e0 surmonter cette crise sanitaire dans la perspective d\u2019un retour progressif \u00e0 une vie normale, a-t-il ajout\u00e9.<\/p>\n<p>La campagne nationale de vaccination vise \u00e0 immuniser toutes les composantes du peuple marocain, de r\u00e9duire puis \u00e9liminer les cas de contamination et de d\u00e9c\u00e8s dus \u00e0 l\u2019\u00e9pid\u00e9mie, et de contenir la propagation du virus.<\/p>\n<p>Cette campagne nationale se d\u00e9roule de fa\u00e7on progressive et par tranches et b\u00e9n\u00e9ficie \u00e0 l\u2019ensemble des citoyens marocains et r\u00e9sidents de 17 ans et plus.<\/p>\n<p>Le nombre des primo-vaccin\u00e9s depuis le lancement de cette campagne nationale de vaccination anti-Covid-19 a atteint 13.631.005, tandis que celui des personnes compl\u00e8tement vaccin\u00e9es (1\u00e8re et 2\u00e8me doses) s\u2019\u00e9l\u00e8ve \u00e0 10.124505.<\/p>\n<p>The post <a rel=\"nofollow\" href=\"http:\/\/www.mapmarrakech.ma\/fr\/la-societe-civile-contribue-a-la-reussite-de-la-campagne-de-vaccination\/\">La soci\u00e9t\u00e9 civile contribue \u00e0 la r\u00e9ussite de la campagne de vaccination<\/a> appeared first on <a rel=\"nofollow\" href=\"http:\/\/www.mapmarrakech.ma\/fr\">MapMarrakech<\/a>.<\/p>\n<\/div>\n<p>Auteur: Meriem IGASS<br \/>\n<a href=\"http:\/\/www.mapmarrakech.ma\/fr\/la-societe-civile-contribue-a-la-reussite-de-la-campagne-de-vaccination\/\">Cliquez ici pour lire l&rsquo;article depuis sa source.<\/a><\/p>\n","protected":false},"excerpt":{"rendered":"<p>Cette unit\u00e9 m\u00e9dicale mobile a sillonn\u00e9, samedi, les points les plus fr\u00e9quent\u00e9s par les Safiots en vue de rapprocher davantage la vaccination anti-Covid-19 des citoyens. Fruit d\u2019un partenariat tripartite entre la Province de Safi, la D\u00e9l\u00e9gation provinciale de la sant\u00e9 et l\u2019association Mains Blanches pour le D\u00e9veloppement Durable, cette initiative intervient dans un contexte marqu\u00e9 [&hellip;]<\/p>\n","protected":false},"author":1788,"featured_media":0,"comment_status":"closed","ping_status":"closed","sticky":false,"template":"","format":"standard","meta":{"fifu_image_url":"http:\/\/www.mapmarrakech.ma\/map\/uploads\/2021\/07\/vaccin-1-copier-1.jpg","fifu_image_alt":"La soci\u00e9t\u00e9 civile contribue \u00e0 la r\u00e9ussite de la campagne de vaccination","footnotes":""},"categories":[54,76],"tags":[],"class_list":["post-122925","post","type-post","status-publish","format-standard","hentry","category-maroc","category-regions"],"_links":{"self":[{"href":"https:\/\/linitiative.ca\/International\/wp-json\/wp\/v2\/posts\/122925","targetHints":{"allow":["GET"]}}],"collection":[{"href":"https:\/\/linitiative.ca\/International\/wp-json\/wp\/v2\/posts"}],"about":[{"href":"https:\/\/linitiative.ca\/International\/wp-json\/wp\/v2\/types\/post"}],"author":[{"embeddable":true,"href":"https:\/\/linitiative.ca\/International\/wp-json\/wp\/v2\/users\/1788"}],"replies":[{"embeddable":true,"href":"https:\/\/linitiative.ca\/International\/wp-json\/wp\/v2\/comments?post=122925"}],"version-history":[{"count":0,"href":"https:\/\/linitiative.ca\/International\/wp-json\/wp\/v2\/posts\/122925\/revisions"}],"wp:attachment":[{"href":"https:\/\/linitiative.ca\/International\/wp-json\/wp\/v2\/media?parent=122925"}],"wp:term":[{"taxonomy":"category","embeddable":true,"href":"https:\/\/linitiative.ca\/International\/wp-json\/wp\/v2\/categories?post=122925"},{"taxonomy":"post_tag","embeddable":true,"href":"https:\/\/linitiative.ca\/International\/wp-json\/wp\/v2\/tags?post=122925"}],"curies":[{"name":"wp","href":"https:\/\/api.w.org\/{rel}","templated":true}]}}