{"id":122927,"date":"2021-08-01T13:27:31","date_gmt":"2021-08-01T17:27:31","guid":{"rendered":"https:\/\/linitiative.ca\/International\/covid-19-6-189-nouveaux-cas-en-24h\/"},"modified":"2021-08-01T13:27:31","modified_gmt":"2021-08-01T17:27:31","slug":"covid-19-6-189-nouveaux-cas-en-24h","status":"publish","type":"post","link":"https:\/\/linitiative.ca\/International\/covid-19-6-189-nouveaux-cas-en-24h\/","title":{"rendered":"Covid-19: 6.189 nouveaux cas en 24H"},"content":{"rendered":"<div>\n<div style=\"margin-bottom:20px;\"><img loading=\"lazy\" decoding=\"async\" width=\"750\" height=\"430\" src=\"https:\/\/linitiative.ca\/International\/wp-content\/uploads\/sites\/23\/2021\/08\/bilan-fr.jpg\" class=\"attachment-post-thumbnail size-post-thumbnail wp-post-image\" alt=\"\" srcset=\"https:\/\/linitiative.ca\/International\/wp-content\/uploads\/sites\/23\/2021\/08\/bilan-fr.jpg 750w, http:\/\/www.mapmarrakech.ma\/map\/uploads\/2021\/08\/bilan-fr-300x172.jpg 300w\" sizes=\"auto, (max-width: 750px) 100vw, 750px\"><\/div>\n<p align=\"justify\">Le nombre des primo-vaccin\u00e9s est de 13.672.764, tandis que celui des personnes compl\u00e8tement vaccin\u00e9es (1\u00e8re et 2\u00e8me doses) s\u2019\u00e9l\u00e8ve \u00e0 10 129.424, a pr\u00e9cis\u00e9 le minist\u00e8re dans son bulletin quotidien sur la situation de Covid-19.<\/p>\n<p align=\"justify\">Le nouveau bilan porte \u00e0 629.717 le nombre total des contaminations depuis le premier cas signal\u00e9 au Maroc en mars 2020. Le nombre des personnes r\u00e9tablies est pass\u00e9 \u00e0 566.008, soit un taux de gu\u00e9rison de 89,9%.<\/p>\n<p align=\"justify\">Les nouvelles contaminations ont \u00e9t\u00e9 recens\u00e9es dans les r\u00e9gions de Casablanca-Settat (1.799), Marrakech-Safi (950), Rabat-Sal\u00e9-Kenitra (822), Souss-Massa (778), Tanger-T\u00e9touan-Al Hoceima (367), l\u2019Oriental (308), Dr\u00e2a-Tafilalet (306), Guelmim-Oued Noun (283), Beni Mellal-Kh\u00e9nifra (268), F\u00e8s-Mekn\u00e8s (159), Dakhla-Oued Eddahab (96) et La\u00e2youne-Sakia El Hamra (53).<\/p>\n<p align=\"justify\">Quant aux d\u00e9c\u00e8s, le nombre total est pass\u00e9 \u00e0 9.833 (l\u00e9talit\u00e9 1,6%), avec 48 nouveaux cas enregistr\u00e9s dans les r\u00e9gions de Casablanca-Settat (11), Marrakech-Safi (8), Tanger-T\u00e9touan-Al Hoceima (8), Rabat-Sal\u00e9-Kenitra (7), Beni Mellal-Kh\u00e9nifra (4), Souss-Massa (4), Dr\u00e2a-Tafilalet (3) et F\u00e8s-Mekn\u00e8s (3).<\/p>\n<p align=\"justify\">Les cas actifs sont au nombre de 53.876, tandis que les cas s\u00e9v\u00e8res ou critiques ont atteint 985, dont 32 plac\u00e9s sous intubation.<\/p>\n<p>The post <a rel=\"nofollow\" href=\"http:\/\/www.mapmarrakech.ma\/fr\/covid-19-6-189-nouveaux-cas-en-24h\/\">Covid-19: 6.189 nouveaux cas en 24H<\/a> appeared first on <a rel=\"nofollow\" href=\"http:\/\/www.mapmarrakech.ma\/fr\">MapMarrakech<\/a>.<\/p>\n<\/div>\n<p>Auteur: Meriem IGASS<br \/>\n<a href=\"http:\/\/www.mapmarrakech.ma\/fr\/covid-19-6-189-nouveaux-cas-en-24h\/\">Cliquez ici pour lire l&rsquo;article depuis sa source.<\/a><\/p>\n","protected":false},"excerpt":{"rendered":"<p>Le nombre des primo-vaccin\u00e9s est de 13.672.764, tandis que celui des personnes compl\u00e8tement vaccin\u00e9es (1\u00e8re et 2\u00e8me doses) s\u2019\u00e9l\u00e8ve \u00e0 10 129.424, a pr\u00e9cis\u00e9 le minist\u00e8re dans son bulletin quotidien sur la situation de Covid-19. Le nouveau bilan porte \u00e0 629.717 le nombre total des contaminations depuis le premier cas signal\u00e9 au Maroc en mars [&hellip;]<\/p>\n","protected":false},"author":1788,"featured_media":0,"comment_status":"closed","ping_status":"closed","sticky":false,"template":"","format":"standard","meta":{"fifu_image_url":"http:\/\/www.mapmarrakech.ma\/map\/uploads\/2021\/08\/bilan-fr.jpg","fifu_image_alt":"Covid-19: 6.189 nouveaux cas en 24H","footnotes":""},"categories":[54,76],"tags":[],"class_list":["post-122927","post","type-post","status-publish","format-standard","hentry","category-maroc","category-regions"],"_links":{"self":[{"href":"https:\/\/linitiative.ca\/International\/wp-json\/wp\/v2\/posts\/122927","targetHints":{"allow":["GET"]}}],"collection":[{"href":"https:\/\/linitiative.ca\/International\/wp-json\/wp\/v2\/posts"}],"about":[{"href":"https:\/\/linitiative.ca\/International\/wp-json\/wp\/v2\/types\/post"}],"author":[{"embeddable":true,"href":"https:\/\/linitiative.ca\/International\/wp-json\/wp\/v2\/users\/1788"}],"replies":[{"embeddable":true,"href":"https:\/\/linitiative.ca\/International\/wp-json\/wp\/v2\/comments?post=122927"}],"version-history":[{"count":0,"href":"https:\/\/linitiative.ca\/International\/wp-json\/wp\/v2\/posts\/122927\/revisions"}],"wp:attachment":[{"href":"https:\/\/linitiative.ca\/International\/wp-json\/wp\/v2\/media?parent=122927"}],"wp:term":[{"taxonomy":"category","embeddable":true,"href":"https:\/\/linitiative.ca\/International\/wp-json\/wp\/v2\/categories?post=122927"},{"taxonomy":"post_tag","embeddable":true,"href":"https:\/\/linitiative.ca\/International\/wp-json\/wp\/v2\/tags?post=122927"}],"curies":[{"name":"wp","href":"https:\/\/api.w.org\/{rel}","templated":true}]}}