{"id":122930,"date":"2021-08-01T06:10:08","date_gmt":"2021-08-01T10:10:08","guid":{"rendered":"https:\/\/linitiative.ca\/International\/omar-jazouli-ancien-maire-de-marrakech-est-decede\/"},"modified":"2021-08-01T06:10:08","modified_gmt":"2021-08-01T10:10:08","slug":"omar-jazouli-ancien-maire-de-marrakech-est-decede","status":"publish","type":"post","link":"https:\/\/linitiative.ca\/International\/omar-jazouli-ancien-maire-de-marrakech-est-decede\/","title":{"rendered":"Omar Jazouli, ancien maire de Marrakech, est d\u00e9c\u00e9d\u00e9"},"content":{"rendered":"<div>\n<div class=\"field field-name-body field-type-text-with-summary field-label-hidden\">\n<div class=\"field-items\">\n<div class=\"field-item even\" property=\"content:encoded\">\n<p class=\"rtejustify\">L&rsquo;ancien maire de Marrakech, Omar Jazouli, est d\u00e9c\u00e9d\u00e9, dans la nuit de samedi \u00e0 dimanche, \u00e0\u00a0l&rsquo;\u00e2ge de 75 ans, a indiqu\u00e9\u00a0sa famille. Jazouli a \u00e9t\u00e9\u00a0maire de la ville entre 2003 et 2009. Il avait \u00e9galement si\u00e9g\u00e9 \u00e0 la Chambre de repr\u00e9sentants en tant que d\u00e9put\u00e9 de l&rsquo;Union Constitutionnelle (UC), parti pour lequel il \u00e9tait coordinateur r\u00e9gional pour la r\u00e9gion Marrakech-Safi.<\/p>\n<\/div>\n<\/div>\n<\/div>\n<\/div>\n<p>Auteur: hgueye<br \/>\n<a href=\"https:\/\/www.leconomiste.com\/flash-infos\/omar-jazouli-ancien-maire-de-marrakech-est-decede\">Cliquez ici pour lire l&rsquo;article depuis sa source.<\/a><\/p>\n","protected":false},"excerpt":{"rendered":"<p>L&rsquo;ancien maire de Marrakech, Omar Jazouli, est d\u00e9c\u00e9d\u00e9, dans la nuit de samedi \u00e0 dimanche, \u00e0\u00a0l&rsquo;\u00e2ge de 75 ans, a indiqu\u00e9\u00a0sa famille. Jazouli a \u00e9t\u00e9\u00a0maire de la ville entre 2003 et 2009. Il avait \u00e9galement si\u00e9g\u00e9 \u00e0 la Chambre de repr\u00e9sentants en tant que d\u00e9put\u00e9 de l&rsquo;Union Constitutionnelle (UC), parti pour lequel il \u00e9tait coordinateur [&hellip;]<\/p>\n","protected":false},"author":1763,"featured_media":0,"comment_status":"closed","ping_status":"closed","sticky":false,"template":"","format":"standard","meta":{"fifu_image_url":"","fifu_image_alt":"","footnotes":""},"categories":[78,54],"tags":[],"class_list":["post-122930","post","type-post","status-publish","format-standard","hentry","category-economie","category-maroc"],"_links":{"self":[{"href":"https:\/\/linitiative.ca\/International\/wp-json\/wp\/v2\/posts\/122930","targetHints":{"allow":["GET"]}}],"collection":[{"href":"https:\/\/linitiative.ca\/International\/wp-json\/wp\/v2\/posts"}],"about":[{"href":"https:\/\/linitiative.ca\/International\/wp-json\/wp\/v2\/types\/post"}],"author":[{"embeddable":true,"href":"https:\/\/linitiative.ca\/International\/wp-json\/wp\/v2\/users\/1763"}],"replies":[{"embeddable":true,"href":"https:\/\/linitiative.ca\/International\/wp-json\/wp\/v2\/comments?post=122930"}],"version-history":[{"count":0,"href":"https:\/\/linitiative.ca\/International\/wp-json\/wp\/v2\/posts\/122930\/revisions"}],"wp:attachment":[{"href":"https:\/\/linitiative.ca\/International\/wp-json\/wp\/v2\/media?parent=122930"}],"wp:term":[{"taxonomy":"category","embeddable":true,"href":"https:\/\/linitiative.ca\/International\/wp-json\/wp\/v2\/categories?post=122930"},{"taxonomy":"post_tag","embeddable":true,"href":"https:\/\/linitiative.ca\/International\/wp-json\/wp\/v2\/tags?post=122930"}],"curies":[{"name":"wp","href":"https:\/\/api.w.org\/{rel}","templated":true}]}}