{"id":122931,"date":"2021-08-01T07:12:02","date_gmt":"2021-08-01T11:12:02","guid":{"rendered":"https:\/\/linitiative.ca\/International\/des-migrants-marocains-secourus-au-large-des-cotes-tunisiennes\/"},"modified":"2021-08-01T07:12:02","modified_gmt":"2021-08-01T11:12:02","slug":"des-migrants-marocains-secourus-au-large-des-cotes-tunisiennes","status":"publish","type":"post","link":"https:\/\/linitiative.ca\/International\/des-migrants-marocains-secourus-au-large-des-cotes-tunisiennes\/","title":{"rendered":"Des migrants marocains secourus au large des c\u00f4tes tunisiennes"},"content":{"rendered":"<div>\n<div class=\"field field-name-body field-type-text-with-summary field-label-hidden\">\n<div class=\"field-items\">\n<div class=\"field-item even\" property=\"content:encoded\">\n<p class=\"rtejustify\">Deux navires de sauvetage humanitaire ont secouru, ce dimanche, 394 migrants, d&rsquo;un bateau en d\u00e9tresse en M\u00e9diterran\u00e9e dans une op\u00e9ration d&rsquo;environ six heures, rapporte Reuters. Le bateau de fortune transportait des migrants de diff\u00e9rentes nationalit\u00e9s, dont des Marocains, Egyptiens et Syriens. Ces derniers ont \u00e9t\u00e9 secourus \u00e0 68 km des c\u00f4tes tunisiennes lors d\u2019une op\u00e9ration men\u00e9e par les navires des ONG allemandes et fran\u00e7aises Sea-Watch 3 et Ocean Viking.<\/p>\n<\/div>\n<\/div>\n<\/div>\n<\/div>\n<p>Auteur: hgueye<br \/>\n<a href=\"https:\/\/www.leconomiste.com\/flash-infos\/des-migrants-marocains-secourus-au-large-des-cotes-tunisiennes\">Cliquez ici pour lire l&rsquo;article depuis sa source.<\/a><\/p>\n","protected":false},"excerpt":{"rendered":"<p>Deux navires de sauvetage humanitaire ont secouru, ce dimanche, 394 migrants, d&rsquo;un bateau en d\u00e9tresse en M\u00e9diterran\u00e9e dans une op\u00e9ration d&rsquo;environ six heures, rapporte Reuters. Le bateau de fortune transportait des migrants de diff\u00e9rentes nationalit\u00e9s, dont des Marocains, Egyptiens et Syriens. Ces derniers ont \u00e9t\u00e9 secourus \u00e0 68 km des c\u00f4tes tunisiennes lors d\u2019une op\u00e9ration [&hellip;]<\/p>\n","protected":false},"author":1763,"featured_media":0,"comment_status":"closed","ping_status":"closed","sticky":false,"template":"","format":"standard","meta":{"fifu_image_url":"","fifu_image_alt":"","footnotes":""},"categories":[78,54],"tags":[],"class_list":["post-122931","post","type-post","status-publish","format-standard","hentry","category-economie","category-maroc"],"_links":{"self":[{"href":"https:\/\/linitiative.ca\/International\/wp-json\/wp\/v2\/posts\/122931","targetHints":{"allow":["GET"]}}],"collection":[{"href":"https:\/\/linitiative.ca\/International\/wp-json\/wp\/v2\/posts"}],"about":[{"href":"https:\/\/linitiative.ca\/International\/wp-json\/wp\/v2\/types\/post"}],"author":[{"embeddable":true,"href":"https:\/\/linitiative.ca\/International\/wp-json\/wp\/v2\/users\/1763"}],"replies":[{"embeddable":true,"href":"https:\/\/linitiative.ca\/International\/wp-json\/wp\/v2\/comments?post=122931"}],"version-history":[{"count":0,"href":"https:\/\/linitiative.ca\/International\/wp-json\/wp\/v2\/posts\/122931\/revisions"}],"wp:attachment":[{"href":"https:\/\/linitiative.ca\/International\/wp-json\/wp\/v2\/media?parent=122931"}],"wp:term":[{"taxonomy":"category","embeddable":true,"href":"https:\/\/linitiative.ca\/International\/wp-json\/wp\/v2\/categories?post=122931"},{"taxonomy":"post_tag","embeddable":true,"href":"https:\/\/linitiative.ca\/International\/wp-json\/wp\/v2\/tags?post=122931"}],"curies":[{"name":"wp","href":"https:\/\/api.w.org\/{rel}","templated":true}]}}