{"id":122942,"date":"2021-08-01T06:15:41","date_gmt":"2021-08-01T10:15:41","guid":{"rendered":"https:\/\/linitiative.ca\/International\/avant-projet-de-loi-sur-laudiovisuel-du-nouveau-pour-les-teles-privees\/"},"modified":"2021-08-01T06:15:41","modified_gmt":"2021-08-01T10:15:41","slug":"avant-projet-de-loi-sur-laudiovisuel-du-nouveau-pour-les-teles-privees","status":"publish","type":"post","link":"https:\/\/linitiative.ca\/International\/avant-projet-de-loi-sur-laudiovisuel-du-nouveau-pour-les-teles-privees\/","title":{"rendered":"Avant-projet de loi sur l\u2019audiovisuel : Du nouveau pour les t\u00e9l\u00e9s priv\u00e9es"},"content":{"rendered":"<div>\n<div class=\"sriret\"><img decoding=\"async\" src=\"https:\/\/linitiative.ca\/International\/wp-content\/uploads\/sites\/23\/2021\/08\/default-picture-709x366_c.jpg\"><\/div>\n<p>L\u2019avant-projet de loi sur l\u2019audiovisuel, \u00e9labor\u00e9 par le minist\u00e8re de la Communication, fixe de nouvelles conditions pour l\u2019attribution des fr\u00e9quences par une autorit\u00e9 de r\u00e9gulation de l\u2019audiovisuel, et \u00e9largie les services de communication autoris\u00e9s de cha\u00eenes th\u00e9matiques et\/ou g\u00e9n\u00e9ralistes. \u00abOn d\u00e9nombre aujourd\u2019hui une multitude de cha\u00eenes dites \u2018\u2018offshore\u2019\u2019 dont le si\u00e8ge social est en dehors du territoire national.<\/p>\n<p>Ces cha\u00eenes de droit \u00e9tranger poss\u00e8dent des bureaux agr\u00e9\u00e9s en Alg\u00e9rie. Aussi, est-il indispensable de normaliser la situation en \u00e9laborant un avant-projet de loi sur l\u2019audiovisuel qui \u00e9largie les services de communication autoris\u00e9s de cha\u00eenes th\u00e9matiques et\/ou g\u00e9n\u00e9ralistes.<\/p>\n<p>L\u2019article <a rel=\"nofollow\" href=\"https:\/\/www.elwatan.com\/edition\/actualite\/avant-projet-de-loi-sur-laudiovisuel-du-nouveau-pour-les-teles-privees-01-08-2021\">Avant-projet de loi sur l\u2019audiovisuel : Du nouveau pour les t\u00e9l\u00e9s priv\u00e9es<\/a> est apparu en premier sur <a rel=\"nofollow\" href=\"https:\/\/www.elwatan.com\/\">El Watan<\/a>.<\/p>\n<\/div>\n<p>Auteur: Hicham Chouadria<br \/>\n<a href=\"https:\/\/www.elwatan.com\/edition\/actualite\/avant-projet-de-loi-sur-laudiovisuel-du-nouveau-pour-les-teles-privees-01-08-2021\">Cliquez ici pour lire l&rsquo;article depuis sa source.<\/a><\/p>\n","protected":false},"excerpt":{"rendered":"<p>L\u2019avant-projet de loi sur l\u2019audiovisuel, \u00e9labor\u00e9 par le minist\u00e8re de la Communication, fixe de nouvelles conditions pour l\u2019attribution des fr\u00e9quences par une autorit\u00e9 de r\u00e9gulation de l\u2019audiovisuel, et \u00e9largie les services de communication autoris\u00e9s de cha\u00eenes th\u00e9matiques et\/ou g\u00e9n\u00e9ralistes. \u00abOn d\u00e9nombre aujourd\u2019hui une multitude de cha\u00eenes dites \u2018\u2018offshore\u2019\u2019 dont le si\u00e8ge social est en dehors [&hellip;]<\/p>\n","protected":false},"author":1743,"featured_media":0,"comment_status":"closed","ping_status":"closed","sticky":false,"template":"","format":"standard","meta":{"fifu_image_url":"https:\/\/www.elwatan.com\/wp-content\/themes\/spectr\/img\/default-picture-709x366_c.jpg","fifu_image_alt":"Avant-projet de loi sur l\u2019audiovisuel : Du nouveau pour les t\u00e9l\u00e9s priv\u00e9es","footnotes":""},"categories":[73,53],"tags":[],"class_list":["post-122942","post","type-post","status-publish","format-standard","hentry","category-actualite","category-algerie"],"_links":{"self":[{"href":"https:\/\/linitiative.ca\/International\/wp-json\/wp\/v2\/posts\/122942","targetHints":{"allow":["GET"]}}],"collection":[{"href":"https:\/\/linitiative.ca\/International\/wp-json\/wp\/v2\/posts"}],"about":[{"href":"https:\/\/linitiative.ca\/International\/wp-json\/wp\/v2\/types\/post"}],"author":[{"embeddable":true,"href":"https:\/\/linitiative.ca\/International\/wp-json\/wp\/v2\/users\/1743"}],"replies":[{"embeddable":true,"href":"https:\/\/linitiative.ca\/International\/wp-json\/wp\/v2\/comments?post=122942"}],"version-history":[{"count":0,"href":"https:\/\/linitiative.ca\/International\/wp-json\/wp\/v2\/posts\/122942\/revisions"}],"wp:attachment":[{"href":"https:\/\/linitiative.ca\/International\/wp-json\/wp\/v2\/media?parent=122942"}],"wp:term":[{"taxonomy":"category","embeddable":true,"href":"https:\/\/linitiative.ca\/International\/wp-json\/wp\/v2\/categories?post=122942"},{"taxonomy":"post_tag","embeddable":true,"href":"https:\/\/linitiative.ca\/International\/wp-json\/wp\/v2\/tags?post=122942"}],"curies":[{"name":"wp","href":"https:\/\/api.w.org\/{rel}","templated":true}]}}