{"id":122944,"date":"2021-08-01T06:20:11","date_gmt":"2021-08-01T10:20:11","guid":{"rendered":"https:\/\/linitiative.ca\/International\/consecration-du-regime-declaratif-et-creation-dun-conseil-national-de-presse\/"},"modified":"2021-08-01T06:20:11","modified_gmt":"2021-08-01T10:20:11","slug":"consecration-du-regime-declaratif-et-creation-dun-conseil-national-de-presse","status":"publish","type":"post","link":"https:\/\/linitiative.ca\/International\/consecration-du-regime-declaratif-et-creation-dun-conseil-national-de-presse\/","title":{"rendered":"Cons\u00e9cration du r\u00e9gime d\u00e9claratif et cr\u00e9ation d\u2019un Conseil national de presse"},"content":{"rendered":"<div>\n<div class=\"sriret\"><img loading=\"lazy\" decoding=\"async\" width=\"500\" height=\"375\" src=\"https:\/\/linitiative.ca\/International\/wp-content\/uploads\/sites\/23\/2021\/08\/belhimmer-col.jpg\" class=\"attachment-featured_large size-featured_large wp-post-image\" alt=\"\" style=\"margin-bottom: 15px;\" srcset=\"https:\/\/linitiative.ca\/International\/wp-content\/uploads\/sites\/23\/2021\/08\/belhimmer-col.jpg 500w, https:\/\/www.elwatan.com\/wp-content\/uploads\/2020\/04\/belhimmer-col-300x225.jpg 300w\" sizes=\"auto, (max-width: 500px) 100vw, 500px\"><\/div>\n<p>Un projet de texte destin\u00e9 \u00e0 r\u00e9gir et r\u00e9glementer les conditions de cr\u00e9ation de nouveaux m\u00e9dias et le fonctionnement de la presse vient d\u2019\u00eatre \u00e9labor\u00e9 par le minist\u00e8re de la Communication. Il s\u2019agit d\u2019une loi organique qui devra remplacer la loi de 2012. \u00abAvant-projet de loi organique relative \u00e0 l\u2019information ou \u00e0 la libert\u00e9 de communication.\u00bb<\/p>\n<p>Tel est l\u2019intitul\u00e9 du document que devra soumettre le d\u00e9partement de M.\u00a0Belhimer \u00e0 l\u2019approbation du Conseil des ministres avant de qu\u00e9rir celle du Parlement dans les semaines ou les mois \u00e0 venir.<\/p>\n<p>Ce qu\u2019on peut relever d\u2019embl\u00e9e, c\u2019est que cet avant-projet de loi a apport\u00e9 nombre de modifications \u00e0 la \u00abloi organique n\u00b012-05 du 12 janvier 2012 relative \u00e0 l\u2019information\u00bb, et qui r\u00e9gissait jusqu\u2019\u00e0 pr\u00e9sent le secteur de la presse en Alg\u00e9rie.<\/p>\n<p>L\u2019article <a rel=\"nofollow\" href=\"https:\/\/www.elwatan.com\/edition\/actualite\/consecration-du-regime-declaratif-et-creation-dun-conseil-national-de-presse-01-08-2021\">Cons\u00e9cration du r\u00e9gime d\u00e9claratif et cr\u00e9ation d\u2019un Conseil national de presse<\/a> est apparu en premier sur <a rel=\"nofollow\" href=\"https:\/\/www.elwatan.com\/\">El Watan<\/a>.<\/p>\n<\/div>\n<p>Auteur: Hicham Chouadria<br \/>\n<a href=\"https:\/\/www.elwatan.com\/edition\/actualite\/consecration-du-regime-declaratif-et-creation-dun-conseil-national-de-presse-01-08-2021\">Cliquez ici pour lire l&rsquo;article depuis sa source.<\/a><\/p>\n","protected":false},"excerpt":{"rendered":"<p>Un projet de texte destin\u00e9 \u00e0 r\u00e9gir et r\u00e9glementer les conditions de cr\u00e9ation de nouveaux m\u00e9dias et le fonctionnement de la presse vient d\u2019\u00eatre \u00e9labor\u00e9 par le minist\u00e8re de la Communication. Il s\u2019agit d\u2019une loi organique qui devra remplacer la loi de 2012. \u00abAvant-projet de loi organique relative \u00e0 l\u2019information ou \u00e0 la libert\u00e9 de [&hellip;]<\/p>\n","protected":false},"author":1743,"featured_media":0,"comment_status":"closed","ping_status":"closed","sticky":false,"template":"","format":"standard","meta":{"fifu_image_url":"https:\/\/www.elwatan.com\/wp-content\/uploads\/2020\/04\/belhimmer-col.jpg","fifu_image_alt":"Cons\u00e9cration du r\u00e9gime d\u00e9claratif et cr\u00e9ation d\u2019un Conseil national de presse","footnotes":""},"categories":[73,53],"tags":[],"class_list":["post-122944","post","type-post","status-publish","format-standard","hentry","category-actualite","category-algerie"],"_links":{"self":[{"href":"https:\/\/linitiative.ca\/International\/wp-json\/wp\/v2\/posts\/122944","targetHints":{"allow":["GET"]}}],"collection":[{"href":"https:\/\/linitiative.ca\/International\/wp-json\/wp\/v2\/posts"}],"about":[{"href":"https:\/\/linitiative.ca\/International\/wp-json\/wp\/v2\/types\/post"}],"author":[{"embeddable":true,"href":"https:\/\/linitiative.ca\/International\/wp-json\/wp\/v2\/users\/1743"}],"replies":[{"embeddable":true,"href":"https:\/\/linitiative.ca\/International\/wp-json\/wp\/v2\/comments?post=122944"}],"version-history":[{"count":0,"href":"https:\/\/linitiative.ca\/International\/wp-json\/wp\/v2\/posts\/122944\/revisions"}],"wp:attachment":[{"href":"https:\/\/linitiative.ca\/International\/wp-json\/wp\/v2\/media?parent=122944"}],"wp:term":[{"taxonomy":"category","embeddable":true,"href":"https:\/\/linitiative.ca\/International\/wp-json\/wp\/v2\/categories?post=122944"},{"taxonomy":"post_tag","embeddable":true,"href":"https:\/\/linitiative.ca\/International\/wp-json\/wp\/v2\/tags?post=122944"}],"curies":[{"name":"wp","href":"https:\/\/api.w.org\/{rel}","templated":true}]}}