{"id":122946,"date":"2021-08-01T06:25:43","date_gmt":"2021-08-01T10:25:43","guid":{"rendered":"https:\/\/linitiative.ca\/International\/nous-avons-tres-mal-reagi-face-a-larret-brutal-des-activites\/"},"modified":"2021-08-01T06:25:43","modified_gmt":"2021-08-01T10:25:43","slug":"nous-avons-tres-mal-reagi-face-a-larret-brutal-des-activites","status":"publish","type":"post","link":"https:\/\/linitiative.ca\/International\/nous-avons-tres-mal-reagi-face-a-larret-brutal-des-activites\/","title":{"rendered":"\u00abNous avons tr\u00e8s mal r\u00e9agi face \u00e0 l\u2019arr\u00eat brutal des activit\u00e9s\u00bb"},"content":{"rendered":"<div>\n<div class=\"sriret\"><img loading=\"lazy\" decoding=\"async\" width=\"498\" height=\"500\" src=\"https:\/\/linitiative.ca\/International\/wp-content\/uploads\/sites\/23\/2021\/08\/Djamel-Abdelkader.jpg\" class=\"attachment-featured_large size-featured_large wp-post-image\" alt=\"\" style=\"margin-bottom: 15px;\" srcset=\"https:\/\/linitiative.ca\/International\/wp-content\/uploads\/sites\/23\/2021\/08\/Djamel-Abdelkader.jpg 498w, https:\/\/www.elwatan.com\/wp-content\/uploads\/2021\/08\/Djamel-Abdelkader-150x150.jpg 150w, https:\/\/www.elwatan.com\/wp-content\/uploads\/2021\/08\/Djamel-Abdelkader-300x300.jpg 300w\" sizes=\"auto, (max-width: 498px) 100vw, 498px\"><\/div>\n<p>Expert en relations de travail et directeur de l\u2019ESSEM, Abdelkader Djamel analyse les r\u00e9percussions de la crise sanitaire sur les entreprises et pr\u00e9vient de l\u2019aggravation de la situation avec la recrudescence des cas de contamination. Sans nier la r\u00e9alisation de certains acquis impos\u00e9s par la crise sanitaire aux entreprises, Abdelkader Djamel estime toutefois que \u00able pays en g\u00e9n\u00e9ral et l\u2019\u00e9conomie en particulier souffrent de l\u2019ensemble des maux d\u2019une soci\u00e9t\u00e9 sous-d\u00e9velopp\u00e9e et de plus qui vit un retard dans la modernisation de son fonctionnement rest\u00e9 archa\u00efque\u00bb.<\/p>\n<p>\u00a0<\/p>\n<p><em><strong>-Lors de la premi\u00e8re vague de la Covid-19 en Alg\u00e9rie, beaucoup d\u2019entreprises, essentiellement du secteur du BTPH et des services, ont mis la cl\u00e9 sous le paillasson ; on est en plein dans la troisi\u00e8me vague, la crainte est que le monde de l\u2019entreprise revive la m\u00eame crise, chose qui lui sera fatale. Quelle est pour vous l\u2019option la plus adapt\u00e9e pour le maintien en vie d\u2019une \u00e9conomie structurellement d\u00e9sarticul\u00e9e ?<\/strong><\/em><\/p>\n<p>En fait, c\u2019est deux probl\u00e8mes qui sont pos\u00e9s, le premier celui de l\u2019\u00e9conomie structurellement d\u00e9sarticul\u00e9e, et le second la r\u00e9p\u00e9tition des effets de cette pand\u00e9mie que l\u2019on appelle la troisi\u00e8me vague.<\/p>\n<p>\u00a0<\/p>\n<p style=\"text-align: right;\"><strong>*<\/strong>Retrouvez l\u2019int\u00e9gralit\u00e9 de nos articles sur la version papier<\/p>\n<p>L\u2019article <a rel=\"nofollow\" href=\"https:\/\/www.elwatan.com\/edition\/actualite\/nous-avons-tres-mal-reagi-face-a-larret-brutal-des-activites-01-08-2021\">\u00abNous avons tr\u00e8s mal r\u00e9agi face \u00e0 l\u2019arr\u00eat brutal des activit\u00e9s\u00bb<\/a> est apparu en premier sur <a rel=\"nofollow\" href=\"https:\/\/www.elwatan.com\/\">El Watan<\/a>.<\/p>\n<\/div>\n<p>Auteur: Hicham Chouadria<br \/>\n<a href=\"https:\/\/www.elwatan.com\/edition\/actualite\/nous-avons-tres-mal-reagi-face-a-larret-brutal-des-activites-01-08-2021\">Cliquez ici pour lire l&rsquo;article depuis sa source.<\/a><\/p>\n","protected":false},"excerpt":{"rendered":"<p>Expert en relations de travail et directeur de l\u2019ESSEM, Abdelkader Djamel analyse les r\u00e9percussions de la crise sanitaire sur les entreprises et pr\u00e9vient de l\u2019aggravation de la situation avec la recrudescence des cas de contamination. Sans nier la r\u00e9alisation de certains acquis impos\u00e9s par la crise sanitaire aux entreprises, Abdelkader Djamel estime toutefois que \u00able [&hellip;]<\/p>\n","protected":false},"author":1743,"featured_media":0,"comment_status":"closed","ping_status":"closed","sticky":false,"template":"","format":"standard","meta":{"fifu_image_url":"https:\/\/www.elwatan.com\/wp-content\/uploads\/2021\/08\/Djamel-Abdelkader.jpg","fifu_image_alt":"\u00abNous avons tr\u00e8s mal r\u00e9agi face \u00e0 l\u2019arr\u00eat brutal des activit\u00e9s\u00bb","footnotes":""},"categories":[73,53],"tags":[],"class_list":["post-122946","post","type-post","status-publish","format-standard","hentry","category-actualite","category-algerie"],"_links":{"self":[{"href":"https:\/\/linitiative.ca\/International\/wp-json\/wp\/v2\/posts\/122946","targetHints":{"allow":["GET"]}}],"collection":[{"href":"https:\/\/linitiative.ca\/International\/wp-json\/wp\/v2\/posts"}],"about":[{"href":"https:\/\/linitiative.ca\/International\/wp-json\/wp\/v2\/types\/post"}],"author":[{"embeddable":true,"href":"https:\/\/linitiative.ca\/International\/wp-json\/wp\/v2\/users\/1743"}],"replies":[{"embeddable":true,"href":"https:\/\/linitiative.ca\/International\/wp-json\/wp\/v2\/comments?post=122946"}],"version-history":[{"count":0,"href":"https:\/\/linitiative.ca\/International\/wp-json\/wp\/v2\/posts\/122946\/revisions"}],"wp:attachment":[{"href":"https:\/\/linitiative.ca\/International\/wp-json\/wp\/v2\/media?parent=122946"}],"wp:term":[{"taxonomy":"category","embeddable":true,"href":"https:\/\/linitiative.ca\/International\/wp-json\/wp\/v2\/categories?post=122946"},{"taxonomy":"post_tag","embeddable":true,"href":"https:\/\/linitiative.ca\/International\/wp-json\/wp\/v2\/tags?post=122946"}],"curies":[{"name":"wp","href":"https:\/\/api.w.org\/{rel}","templated":true}]}}