{"id":122948,"date":"2021-08-01T06:28:45","date_gmt":"2021-08-01T10:28:45","guid":{"rendered":"https:\/\/linitiative.ca\/International\/crise-sanitaire-et-augmentation-des-cas-covid-19-la-saison-estivale-fortement-impactee\/"},"modified":"2021-08-01T06:28:45","modified_gmt":"2021-08-01T10:28:45","slug":"crise-sanitaire-et-augmentation-des-cas-covid-19-la-saison-estivale-fortement-impactee","status":"publish","type":"post","link":"https:\/\/linitiative.ca\/International\/crise-sanitaire-et-augmentation-des-cas-covid-19-la-saison-estivale-fortement-impactee\/","title":{"rendered":"CRISE SANITAIRE ET AUGMENTATION DES CAS COVID-19 : La saison estivale fortement impact\u00e9e"},"content":{"rendered":"<div>\n<div class=\"sriret\"><img loading=\"lazy\" decoding=\"async\" width=\"800\" height=\"529\" src=\"https:\/\/linitiative.ca\/International\/wp-content\/uploads\/sites\/23\/2021\/08\/Sans-titre-1-92.gif\" class=\"attachment-featured_large size-featured_large wp-post-image\" alt=\"Secteur de la p\u00eache \u00e0 Tizi Ouzou : Cap sur l\u2019\u00e9conomie bleue\" style=\"margin-bottom: 15px;\"><\/div>\n<p>L \u2019augmentation des cas Covid-19 en Alg\u00e9rie a eu un impact direct sur le d\u00e9roulement de la saison estivale. Les cons\u00e9quences seront d\u00e9sastreuses, notamment pour deux composantes de la cha\u00eene touristique\u00a0: les h\u00f4tels et les agences de voyages, qui ont mis\u00e9 sur le tourisme interne pour maintenir leur activit\u00e9.<\/p>\n<p>Avec le durcissement des mesures de pr\u00e9vention, particuli\u00e8rement le confinement et l\u2019interdiction des plages et des piscines, les Alg\u00e9riens pr\u00e9f\u00e8rent rester chez eux et se contenter de quelques sorties pour s\u2019a\u00e9rer et \u00e9viter aux enfants de s\u2019ennuyer.<\/p>\n<p>Contact\u00e9 par El\u00a0Watan, Mohamed Bourad, consultant en tourisme, a du mal \u00e0 cacher son scepticisme. \u00abJe pense que la saison est escamot\u00e9e du fait des mesures anti-Covid. Un impact certain toucherait toute l\u2019activit\u00e9 h\u00f4teli\u00e8re. Les mesures pr\u00e9conis\u00e9es impactent les h\u00e9bergements, la restauration, les plages et les animations.<\/p>\n<p>\u00a0<\/p>\n<p style=\"text-align: right;\"><strong>*<\/strong>Retrouvez l\u2019int\u00e9gralit\u00e9 de nos articles sur la version papier<\/p>\n<p>L\u2019article <a rel=\"nofollow\" href=\"https:\/\/www.elwatan.com\/edition\/actualite\/la-saison-estivale-fortement-impactee-01-08-2021\">CRISE SANITAIRE ET AUGMENTATION DES CAS COVID-19 : La saison estivale fortement impact\u00e9e<\/a> est apparu en premier sur <a rel=\"nofollow\" href=\"https:\/\/www.elwatan.com\/\">El Watan<\/a>.<\/p>\n<\/div>\n<p>Auteur: Hicham Chouadria<br \/>\n<a href=\"https:\/\/www.elwatan.com\/edition\/actualite\/la-saison-estivale-fortement-impactee-01-08-2021\">Cliquez ici pour lire l&rsquo;article depuis sa source.<\/a><\/p>\n","protected":false},"excerpt":{"rendered":"<p>L \u2019augmentation des cas Covid-19 en Alg\u00e9rie a eu un impact direct sur le d\u00e9roulement de la saison estivale. Les cons\u00e9quences seront d\u00e9sastreuses, notamment pour deux composantes de la cha\u00eene touristique\u00a0: les h\u00f4tels et les agences de voyages, qui ont mis\u00e9 sur le tourisme interne pour maintenir leur activit\u00e9. Avec le durcissement des mesures de [&hellip;]<\/p>\n","protected":false},"author":1743,"featured_media":0,"comment_status":"closed","ping_status":"closed","sticky":false,"template":"","format":"standard","meta":{"fifu_image_url":"https:\/\/www.elwatan.com\/wp-content\/uploads\/2019\/09\/Sans-titre-1-92.gif","fifu_image_alt":"CRISE SANITAIRE ET AUGMENTATION DES CAS COVID-19 : La saison estivale fortement impact\u00e9e","footnotes":""},"categories":[73,53],"tags":[],"class_list":["post-122948","post","type-post","status-publish","format-standard","hentry","category-actualite","category-algerie"],"_links":{"self":[{"href":"https:\/\/linitiative.ca\/International\/wp-json\/wp\/v2\/posts\/122948","targetHints":{"allow":["GET"]}}],"collection":[{"href":"https:\/\/linitiative.ca\/International\/wp-json\/wp\/v2\/posts"}],"about":[{"href":"https:\/\/linitiative.ca\/International\/wp-json\/wp\/v2\/types\/post"}],"author":[{"embeddable":true,"href":"https:\/\/linitiative.ca\/International\/wp-json\/wp\/v2\/users\/1743"}],"replies":[{"embeddable":true,"href":"https:\/\/linitiative.ca\/International\/wp-json\/wp\/v2\/comments?post=122948"}],"version-history":[{"count":0,"href":"https:\/\/linitiative.ca\/International\/wp-json\/wp\/v2\/posts\/122948\/revisions"}],"wp:attachment":[{"href":"https:\/\/linitiative.ca\/International\/wp-json\/wp\/v2\/media?parent=122948"}],"wp:term":[{"taxonomy":"category","embeddable":true,"href":"https:\/\/linitiative.ca\/International\/wp-json\/wp\/v2\/categories?post=122948"},{"taxonomy":"post_tag","embeddable":true,"href":"https:\/\/linitiative.ca\/International\/wp-json\/wp\/v2\/tags?post=122948"}],"curies":[{"name":"wp","href":"https:\/\/api.w.org\/{rel}","templated":true}]}}