{"id":122950,"date":"2021-08-01T06:59:00","date_gmt":"2021-08-01T10:59:00","guid":{"rendered":"https:\/\/linitiative.ca\/International\/et-maintenant-que-faire-changer-leconomie-en-profondeur-pour-lutter-contre-les-inegalites-et-reussir-la-transition\/"},"modified":"2021-08-01T06:59:00","modified_gmt":"2021-08-01T10:59:00","slug":"et-maintenant-que-faire-changer-leconomie-en-profondeur-pour-lutter-contre-les-inegalites-et-reussir-la-transition","status":"publish","type":"post","link":"https:\/\/linitiative.ca\/International\/et-maintenant-que-faire-changer-leconomie-en-profondeur-pour-lutter-contre-les-inegalites-et-reussir-la-transition\/","title":{"rendered":"Et maintenant, que faire ? Changer l\u2019\u00e9conomie en profondeur pour lutter contre les in\u00e9galit\u00e9s et r\u00e9ussir la transition"},"content":{"rendered":"<div><img decoding=\"async\" src=\"https:\/\/linitiative.ca\/International\/wp-content\/uploads\/sites\/23\/2021\/08\/1627823100_article.jpg\" alt=\"Et maintenant, que faire ? Changer l\u2019\u00e9conomie en profondeur pour lutter contre les in\u00e9galit\u00e9s et r\u00e9ussir la transition\" align=\"left\">Par Pr Samir Allal<br \/>\nLa crise actuelle a \u00e9t\u00e9 engendr\u00e9e par diff\u00e9rentes causes, qui si elles ne sont pas trait\u00e9es en m\u00eame temps, vont entra\u00eener de nouveaux \u00e9pisodes explosifs<br \/>\nLa crise actuelle est une crise syst\u00e9mique. Elle est mal g\u00e9r\u00e9e par un \u00c9tat en faillite ne pouvant se payer des vaccins dans un contexte politique bloquant : \u00e0 peine 7% de vaccin\u00e9s en ce mois de juillet 2021, un taux de mortalit\u00e9 des plus \u00e9lev\u00e9s au monde (donn\u00e9e OMS) avec une situation \u00e9conomique, sanitaire et sociale des plus ex\u00e9crables et un endettement qui bat tous les records. On parle d\u2019une dette d\u2019au moins 36 Mds de $. La Tunisie est le pays m\u00e9diterran\u00e9en le plus touch\u00e9 par les &#8230;<\/p>\n<\/div>\n<p>Auteur:<br \/>\n<a href=\"https:\/\/www.leaders.com.tn\/article\/32222-et-maintenant-que-faire-changer-l-economie-en-profondeur-pour-lutter-contre-les-inegalites-et-reussir-la-transition\">Cliquez ici pour lire l&rsquo;article depuis sa source.<\/a><\/p>\n","protected":false},"excerpt":{"rendered":"<p>Par Pr Samir Allal La crise actuelle a \u00e9t\u00e9 engendr\u00e9e par diff\u00e9rentes causes, qui si elles ne sont pas trait\u00e9es en m\u00eame temps, vont entra\u00eener de nouveaux \u00e9pisodes explosifs La crise actuelle est une crise syst\u00e9mique. Elle est mal g\u00e9r\u00e9e par un \u00c9tat en faillite ne pouvant se payer des vaccins dans un contexte politique [&hellip;]<\/p>\n","protected":false},"author":1772,"featured_media":0,"comment_status":"closed","ping_status":"closed","sticky":false,"template":"","format":"standard","meta":{"fifu_image_url":"http:\/\/www.leaders.com.tn\/uploads\/content\/thumbnails_small\/1627823100_article.jpg","fifu_image_alt":"Et maintenant, que faire ? Changer l\u2019\u00e9conomie en profondeur pour lutter contre les in\u00e9galit\u00e9s et r\u00e9ussir la transition","footnotes":""},"categories":[73,55],"tags":[],"class_list":["post-122950","post","type-post","status-publish","format-standard","hentry","category-actualite","category-tunisie"],"_links":{"self":[{"href":"https:\/\/linitiative.ca\/International\/wp-json\/wp\/v2\/posts\/122950","targetHints":{"allow":["GET"]}}],"collection":[{"href":"https:\/\/linitiative.ca\/International\/wp-json\/wp\/v2\/posts"}],"about":[{"href":"https:\/\/linitiative.ca\/International\/wp-json\/wp\/v2\/types\/post"}],"author":[{"embeddable":true,"href":"https:\/\/linitiative.ca\/International\/wp-json\/wp\/v2\/users\/1772"}],"replies":[{"embeddable":true,"href":"https:\/\/linitiative.ca\/International\/wp-json\/wp\/v2\/comments?post=122950"}],"version-history":[{"count":0,"href":"https:\/\/linitiative.ca\/International\/wp-json\/wp\/v2\/posts\/122950\/revisions"}],"wp:attachment":[{"href":"https:\/\/linitiative.ca\/International\/wp-json\/wp\/v2\/media?parent=122950"}],"wp:term":[{"taxonomy":"category","embeddable":true,"href":"https:\/\/linitiative.ca\/International\/wp-json\/wp\/v2\/categories?post=122950"},{"taxonomy":"post_tag","embeddable":true,"href":"https:\/\/linitiative.ca\/International\/wp-json\/wp\/v2\/tags?post=122950"}],"curies":[{"name":"wp","href":"https:\/\/api.w.org\/{rel}","templated":true}]}}