{"id":122952,"date":"2021-08-01T08:30:00","date_gmt":"2021-08-01T12:30:00","guid":{"rendered":"https:\/\/linitiative.ca\/International\/abdelelhamid-sassi-lancien-ministre-et-maire-de-gabes-est-decede\/"},"modified":"2021-08-01T08:30:00","modified_gmt":"2021-08-01T12:30:00","slug":"abdelelhamid-sassi-lancien-ministre-et-maire-de-gabes-est-decede","status":"publish","type":"post","link":"https:\/\/linitiative.ca\/International\/abdelelhamid-sassi-lancien-ministre-et-maire-de-gabes-est-decede\/","title":{"rendered":"Abdelelhamid Sassi, l\u2019ancien ministre et maire de Gab\u00e8s est d\u00e9c\u00e9d\u00e9"},"content":{"rendered":"<div><img decoding=\"async\" src=\"https:\/\/linitiative.ca\/International\/wp-content\/uploads\/sites\/23\/2021\/08\/1627818204_article.jpg\" alt=\"Abdelelhamid Sassi, l\u2019ancien ministre et maire de Gab\u00e8s est d\u00e9c\u00e9d\u00e9\" align=\"left\">Ing\u00e9nieur g\u00e9n\u00e9ral, dipl\u00f4m\u00e9 des Ponts-et-Chauss\u00e9es, Abdelhamid Sassi est d\u00e9c\u00e9d\u00e9. Ministre de Bourguiba dans des gouvernements successifs de H\u00e9di Nouira (\u00c9quipement, Transports et Communications), il avait pr\u00e9f\u00e9r\u00e9 consacrer plus tard ses efforts \u00e0 sa ville natale en tant que maire de Gab\u00e8s, y faisant une \u0153uvre utile.<\/p>\n<p>Ses m\u00e9moires, r\u00e9cemment publi\u00e9es, retracent un parcours d\u2019excellence.<\/p>\n<p>Allah yerhamou<br \/>\nComment  Bourguiba voulait ses ministres, au lendemain de l\u2019ind\u00e9pendance ? Des  jeunes, bien form\u00e9s, comp\u00e9tents et b\u00e2tisseurs, qu\u2019il pr\u00e9parait \u00e0 gravir  un \u00e0 un les \u00e9chelons des hautes responsabilit\u00e9s. Abdelhamid Sassi,  ing\u00e9nieur des Ponts et &#8230;<\/p>\n<\/div>\n<p>Auteur:<br \/>\n<a href=\"https:\/\/www.leaders.com.tn\/article\/32223-abdelelhamid-sassi-l-ancien-ministre-et-maire-de-gabes-est-decede\">Cliquez ici pour lire l&rsquo;article depuis sa source.<\/a><\/p>\n","protected":false},"excerpt":{"rendered":"<p>Ing\u00e9nieur g\u00e9n\u00e9ral, dipl\u00f4m\u00e9 des Ponts-et-Chauss\u00e9es, Abdelhamid Sassi est d\u00e9c\u00e9d\u00e9. Ministre de Bourguiba dans des gouvernements successifs de H\u00e9di Nouira (\u00c9quipement, Transports et Communications), il avait pr\u00e9f\u00e9r\u00e9 consacrer plus tard ses efforts \u00e0 sa ville natale en tant que maire de Gab\u00e8s, y faisant une \u0153uvre utile. Ses m\u00e9moires, r\u00e9cemment publi\u00e9es, retracent un parcours d\u2019excellence. Allah [&hellip;]<\/p>\n","protected":false},"author":1772,"featured_media":0,"comment_status":"closed","ping_status":"closed","sticky":false,"template":"","format":"standard","meta":{"fifu_image_url":"http:\/\/www.leaders.com.tn\/uploads\/content\/thumbnails_small\/1627818204_article.jpg","fifu_image_alt":"Abdelelhamid Sassi, l\u2019ancien ministre et maire de Gab\u00e8s est d\u00e9c\u00e9d\u00e9","footnotes":""},"categories":[73,55],"tags":[],"class_list":["post-122952","post","type-post","status-publish","format-standard","hentry","category-actualite","category-tunisie"],"_links":{"self":[{"href":"https:\/\/linitiative.ca\/International\/wp-json\/wp\/v2\/posts\/122952","targetHints":{"allow":["GET"]}}],"collection":[{"href":"https:\/\/linitiative.ca\/International\/wp-json\/wp\/v2\/posts"}],"about":[{"href":"https:\/\/linitiative.ca\/International\/wp-json\/wp\/v2\/types\/post"}],"author":[{"embeddable":true,"href":"https:\/\/linitiative.ca\/International\/wp-json\/wp\/v2\/users\/1772"}],"replies":[{"embeddable":true,"href":"https:\/\/linitiative.ca\/International\/wp-json\/wp\/v2\/comments?post=122952"}],"version-history":[{"count":0,"href":"https:\/\/linitiative.ca\/International\/wp-json\/wp\/v2\/posts\/122952\/revisions"}],"wp:attachment":[{"href":"https:\/\/linitiative.ca\/International\/wp-json\/wp\/v2\/media?parent=122952"}],"wp:term":[{"taxonomy":"category","embeddable":true,"href":"https:\/\/linitiative.ca\/International\/wp-json\/wp\/v2\/categories?post=122952"},{"taxonomy":"post_tag","embeddable":true,"href":"https:\/\/linitiative.ca\/International\/wp-json\/wp\/v2\/tags?post=122952"}],"curies":[{"name":"wp","href":"https:\/\/api.w.org\/{rel}","templated":true}]}}