{"id":122961,"date":"2021-08-01T06:30:41","date_gmt":"2021-08-01T10:30:41","guid":{"rendered":"https:\/\/linitiative.ca\/International\/monde-la-pandemie-liee-au-coronavirus-gagne-du-terrain\/"},"modified":"2021-08-01T06:30:41","modified_gmt":"2021-08-01T10:30:41","slug":"monde-la-pandemie-liee-au-coronavirus-gagne-du-terrain","status":"publish","type":"post","link":"https:\/\/linitiative.ca\/International\/monde-la-pandemie-liee-au-coronavirus-gagne-du-terrain\/","title":{"rendered":"Monde. La pand\u00e9mie li\u00e9e au coronavirus gagne du terrain"},"content":{"rendered":"<div><img decoding=\"async\" width=\"850\" height=\"478\" src=\"https:\/\/linitiative.ca\/International\/wp-content\/uploads\/sites\/23\/2021\/08\/l-epidemie-de-coronavirus-covid-19-requalifiee-en-pandemie-par-l-oms-qu-est-ce-que-ca-change.jpeg\" class=\"attachment-post-thumbnail size-post-thumbnail wp-post-image\" alt=\"\" loading=\"lazy\" srcset=\"https:\/\/linitiative.ca\/International\/wp-content\/uploads\/sites\/23\/2021\/08\/l-epidemie-de-coronavirus-covid-19-requalifiee-en-pandemie-par-l-oms-qu-est-ce-que-ca-change.jpeg 850w, https:\/\/www.challenge.ma\/wp-content\/uploads\/2021\/08\/l-epidemie-de-coronavirus-covid-19-requalifiee-en-pandemie-par-l-oms-qu-est-ce-que-ca-change-300x169.jpeg 300w, https:\/\/www.challenge.ma\/wp-content\/uploads\/2021\/08\/l-epidemie-de-coronavirus-covid-19-requalifiee-en-pandemie-par-l-oms-qu-est-ce-que-ca-change-768x432.jpeg 768w, https:\/\/www.challenge.ma\/wp-content\/uploads\/2021\/08\/l-epidemie-de-coronavirus-covid-19-requalifiee-en-pandemie-par-l-oms-qu-est-ce-que-ca-change-360x202.jpeg 360w, https:\/\/www.challenge.ma\/wp-content\/uploads\/2021\/08\/l-epidemie-de-coronavirus-covid-19-requalifiee-en-pandemie-par-l-oms-qu-est-ce-que-ca-change-750x422.jpeg 750w\" sizes=\"auto, (max-width: 850px) 100vw, 850px\" itemprop=\"image\">Nouveaux bilans, faits marquants, et nouvelles mesures pour faire face \u00e0 la Covid-19, voici une radiographie succincte des derni\u00e8res \u00e9volutions de la pand\u00e9mie \u00e0 fin juillet 2021 dans le monde. Ce ne sont pas moins de 4.202.179 morts \u00e0 l\u2019\u00e9chelon du globe qui ont \u00e9t\u00e9 enregistr\u00e9s depuis fin d\u00e9cembre 2019,<\/div>\n<p>Auteur: challenge<br \/>\n<a href=\"https:\/\/www.challenge.ma\/monde-la-pandemie-liee-au-coronavirus-gagne-du-terrain-194622\/\">Cliquez ici pour lire l&rsquo;article depuis sa source.<\/a><\/p>\n","protected":false},"excerpt":{"rendered":"<p>Nouveaux bilans, faits marquants, et nouvelles mesures pour faire face \u00e0 la Covid-19, voici une radiographie succincte des derni\u00e8res \u00e9volutions de la pand\u00e9mie \u00e0 fin juillet 2021 dans le monde. Ce ne sont pas moins de 4.202.179 morts \u00e0 l\u2019\u00e9chelon du globe qui ont \u00e9t\u00e9 enregistr\u00e9s depuis fin d\u00e9cembre 2019, Auteur: challenge Cliquez ici pour [&hellip;]<\/p>\n","protected":false},"author":1787,"featured_media":0,"comment_status":"closed","ping_status":"closed","sticky":false,"template":"","format":"standard","meta":{"fifu_image_url":"https:\/\/www.challenge.ma\/wp-content\/uploads\/2021\/08\/l-epidemie-de-coronavirus-covid-19-requalifiee-en-pandemie-par-l-oms-qu-est-ce-que-ca-change.jpeg","fifu_image_alt":"Monde. La pand\u00e9mie li\u00e9e au coronavirus gagne du terrain","footnotes":""},"categories":[78,54],"tags":[],"class_list":["post-122961","post","type-post","status-publish","format-standard","hentry","category-economie","category-maroc"],"_links":{"self":[{"href":"https:\/\/linitiative.ca\/International\/wp-json\/wp\/v2\/posts\/122961","targetHints":{"allow":["GET"]}}],"collection":[{"href":"https:\/\/linitiative.ca\/International\/wp-json\/wp\/v2\/posts"}],"about":[{"href":"https:\/\/linitiative.ca\/International\/wp-json\/wp\/v2\/types\/post"}],"author":[{"embeddable":true,"href":"https:\/\/linitiative.ca\/International\/wp-json\/wp\/v2\/users\/1787"}],"replies":[{"embeddable":true,"href":"https:\/\/linitiative.ca\/International\/wp-json\/wp\/v2\/comments?post=122961"}],"version-history":[{"count":0,"href":"https:\/\/linitiative.ca\/International\/wp-json\/wp\/v2\/posts\/122961\/revisions"}],"wp:attachment":[{"href":"https:\/\/linitiative.ca\/International\/wp-json\/wp\/v2\/media?parent=122961"}],"wp:term":[{"taxonomy":"category","embeddable":true,"href":"https:\/\/linitiative.ca\/International\/wp-json\/wp\/v2\/categories?post=122961"},{"taxonomy":"post_tag","embeddable":true,"href":"https:\/\/linitiative.ca\/International\/wp-json\/wp\/v2\/tags?post=122961"}],"curies":[{"name":"wp","href":"https:\/\/api.w.org\/{rel}","templated":true}]}}