{"id":122963,"date":"2021-08-01T06:54:13","date_gmt":"2021-08-01T10:54:13","guid":{"rendered":"https:\/\/linitiative.ca\/International\/discours-royal-deux-grands-defis-inseparables-developpement-national-et-paix-regionale\/"},"modified":"2021-08-01T06:54:13","modified_gmt":"2021-08-01T10:54:13","slug":"discours-royal-deux-grands-defis-inseparables-developpement-national-et-paix-regionale","status":"publish","type":"post","link":"https:\/\/linitiative.ca\/International\/discours-royal-deux-grands-defis-inseparables-developpement-national-et-paix-regionale\/","title":{"rendered":"Discours Royal. Deux grands d\u00e9fis ins\u00e9parables : d\u00e9veloppement national et paix r\u00e9gionale"},"content":{"rendered":"<div><img decoding=\"async\" width=\"1200\" height=\"600\" src=\"https:\/\/linitiative.ca\/International\/wp-content\/uploads\/sites\/23\/2021\/08\/discours-royal-1.jpg\" class=\"attachment-post-thumbnail size-post-thumbnail wp-post-image\" alt=\"\" loading=\"lazy\" srcset=\"https:\/\/linitiative.ca\/International\/wp-content\/uploads\/sites\/23\/2021\/08\/discours-royal-1.jpg 1200w, https:\/\/www.challenge.ma\/wp-content\/uploads\/2021\/08\/discours-royal-1-300x150.jpg 300w, https:\/\/www.challenge.ma\/wp-content\/uploads\/2021\/08\/discours-royal-1-1024x512.jpg 1024w, https:\/\/www.challenge.ma\/wp-content\/uploads\/2021\/08\/discours-royal-1-768x384.jpg 768w, https:\/\/www.challenge.ma\/wp-content\/uploads\/2021\/08\/discours-royal-1-360x180.jpg 360w, https:\/\/www.challenge.ma\/wp-content\/uploads\/2021\/08\/discours-royal-1-750x375.jpg 750w\" sizes=\"auto, (max-width: 1200px) 100vw, 1200px\" itemprop=\"image\">Le Discours Royal du 31 juillet est hautement symbolique. Deux id\u00e9es forces bien articul\u00e9es, ont \u00e9t\u00e9 exprim\u00e9es dans un langage simple, sinc\u00e8re et direct. Le Royaume du Maroc \u00ab\u00a0puise sa force dans la coh\u00e9sion nationale et l\u2019adh\u00e9sion unanime de ses composantes autour des symboles sacr\u00e9s\u00a0\u00bb. Il \u00ab\u00a0tire sa puissance de<\/div>\n<p>Auteur: Amine Messaoudi<br \/>\n<a href=\"https:\/\/www.challenge.ma\/discours-royal-deux-grands-defis-inseparables-developpement-national-et-paix-regionale-194629\/\">Cliquez ici pour lire l&rsquo;article depuis sa source.<\/a><\/p>\n","protected":false},"excerpt":{"rendered":"<p>Le Discours Royal du 31 juillet est hautement symbolique. Deux id\u00e9es forces bien articul\u00e9es, ont \u00e9t\u00e9 exprim\u00e9es dans un langage simple, sinc\u00e8re et direct. Le Royaume du Maroc \u00ab\u00a0puise sa force dans la coh\u00e9sion nationale et l\u2019adh\u00e9sion unanime de ses composantes autour des symboles sacr\u00e9s\u00a0\u00bb. Il \u00ab\u00a0tire sa puissance de Auteur: Amine Messaoudi Cliquez ici [&hellip;]<\/p>\n","protected":false},"author":1787,"featured_media":0,"comment_status":"closed","ping_status":"closed","sticky":false,"template":"","format":"standard","meta":{"fifu_image_url":"https:\/\/www.challenge.ma\/wp-content\/uploads\/2021\/08\/discours-royal-1.jpg","fifu_image_alt":"Discours Royal. Deux grands d\u00e9fis ins\u00e9parables : d\u00e9veloppement national et paix r\u00e9gionale","footnotes":""},"categories":[78,54],"tags":[],"class_list":["post-122963","post","type-post","status-publish","format-standard","hentry","category-economie","category-maroc"],"_links":{"self":[{"href":"https:\/\/linitiative.ca\/International\/wp-json\/wp\/v2\/posts\/122963","targetHints":{"allow":["GET"]}}],"collection":[{"href":"https:\/\/linitiative.ca\/International\/wp-json\/wp\/v2\/posts"}],"about":[{"href":"https:\/\/linitiative.ca\/International\/wp-json\/wp\/v2\/types\/post"}],"author":[{"embeddable":true,"href":"https:\/\/linitiative.ca\/International\/wp-json\/wp\/v2\/users\/1787"}],"replies":[{"embeddable":true,"href":"https:\/\/linitiative.ca\/International\/wp-json\/wp\/v2\/comments?post=122963"}],"version-history":[{"count":0,"href":"https:\/\/linitiative.ca\/International\/wp-json\/wp\/v2\/posts\/122963\/revisions"}],"wp:attachment":[{"href":"https:\/\/linitiative.ca\/International\/wp-json\/wp\/v2\/media?parent=122963"}],"wp:term":[{"taxonomy":"category","embeddable":true,"href":"https:\/\/linitiative.ca\/International\/wp-json\/wp\/v2\/categories?post=122963"},{"taxonomy":"post_tag","embeddable":true,"href":"https:\/\/linitiative.ca\/International\/wp-json\/wp\/v2\/tags?post=122963"}],"curies":[{"name":"wp","href":"https:\/\/api.w.org\/{rel}","templated":true}]}}