{"id":122965,"date":"2021-08-01T11:32:24","date_gmt":"2021-08-01T15:32:24","guid":{"rendered":"https:\/\/linitiative.ca\/International\/jo-2020-abdelati-el-guesse-et-nabil-oussama-elimines-en-demi-finales-du-800-m\/"},"modified":"2021-08-01T11:32:24","modified_gmt":"2021-08-01T15:32:24","slug":"jo-2020-abdelati-el-guesse-et-nabil-oussama-elimines-en-demi-finales-du-800-m","status":"publish","type":"post","link":"https:\/\/linitiative.ca\/International\/jo-2020-abdelati-el-guesse-et-nabil-oussama-elimines-en-demi-finales-du-800-m\/","title":{"rendered":"JO 2020. Abdelati El Guesse et Nabil Oussama \u00e9limin\u00e9s en demi-finales du 800 m"},"content":{"rendered":"<div><img decoding=\"async\" width=\"738\" height=\"520\" src=\"https:\/\/linitiative.ca\/International\/wp-content\/uploads\/sites\/23\/2021\/08\/000_9hl7th-2.jpg\" class=\"attachment-post-thumbnail size-post-thumbnail wp-post-image\" alt=\"\" loading=\"lazy\" srcset=\"https:\/\/linitiative.ca\/International\/wp-content\/uploads\/sites\/23\/2021\/08\/000_9hl7th-2.jpg 738w, https:\/\/www.challenge.ma\/wp-content\/uploads\/2021\/08\/000_9hl7th-2-300x211.jpg 300w, https:\/\/www.challenge.ma\/wp-content\/uploads\/2021\/08\/000_9hl7th-2-360x254.jpg 360w\" sizes=\"auto, (max-width: 738px) 100vw, 738px\" itemprop=\"image\">D\u00e9ception pour les athl\u00e8tes marocains Abdelati El Guesse et Nabil Oussama dans le cadre des JO de Tokyo ce dimanche 1er ao\u00fbt. Dans le d\u00e9tail, El Guesse a occup\u00e9 la 8\u00e8me et derni\u00e8re position de la premi\u00e8re demi-finale (1:46.85), remport\u00e9e par le Polonais Patryk Dobek (1:44.60) devant le K\u00e9nyan Emmanuel<\/div>\n<p>Auteur: challenge<br \/>\n<a href=\"https:\/\/www.challenge.ma\/jo-2020-abdelati-el-guesse-et-nabil-oussama-elimines-en-demi-finales-du-800-m-194650\/\">Cliquez ici pour lire l&rsquo;article depuis sa source.<\/a><\/p>\n","protected":false},"excerpt":{"rendered":"<p>D\u00e9ception pour les athl\u00e8tes marocains Abdelati El Guesse et Nabil Oussama dans le cadre des JO de Tokyo ce dimanche 1er ao\u00fbt. Dans le d\u00e9tail, El Guesse a occup\u00e9 la 8\u00e8me et derni\u00e8re position de la premi\u00e8re demi-finale (1:46.85), remport\u00e9e par le Polonais Patryk Dobek (1:44.60) devant le K\u00e9nyan Emmanuel Auteur: challenge Cliquez ici pour [&hellip;]<\/p>\n","protected":false},"author":1787,"featured_media":0,"comment_status":"closed","ping_status":"closed","sticky":false,"template":"","format":"standard","meta":{"fifu_image_url":"https:\/\/www.challenge.ma\/wp-content\/uploads\/2021\/08\/000_9hl7th-2.jpg","fifu_image_alt":"JO 2020. Abdelati El Guesse et Nabil Oussama \u00e9limin\u00e9s en demi-finales du 800 m","footnotes":""},"categories":[78,54],"tags":[],"class_list":["post-122965","post","type-post","status-publish","format-standard","hentry","category-economie","category-maroc"],"_links":{"self":[{"href":"https:\/\/linitiative.ca\/International\/wp-json\/wp\/v2\/posts\/122965","targetHints":{"allow":["GET"]}}],"collection":[{"href":"https:\/\/linitiative.ca\/International\/wp-json\/wp\/v2\/posts"}],"about":[{"href":"https:\/\/linitiative.ca\/International\/wp-json\/wp\/v2\/types\/post"}],"author":[{"embeddable":true,"href":"https:\/\/linitiative.ca\/International\/wp-json\/wp\/v2\/users\/1787"}],"replies":[{"embeddable":true,"href":"https:\/\/linitiative.ca\/International\/wp-json\/wp\/v2\/comments?post=122965"}],"version-history":[{"count":0,"href":"https:\/\/linitiative.ca\/International\/wp-json\/wp\/v2\/posts\/122965\/revisions"}],"wp:attachment":[{"href":"https:\/\/linitiative.ca\/International\/wp-json\/wp\/v2\/media?parent=122965"}],"wp:term":[{"taxonomy":"category","embeddable":true,"href":"https:\/\/linitiative.ca\/International\/wp-json\/wp\/v2\/categories?post=122965"},{"taxonomy":"post_tag","embeddable":true,"href":"https:\/\/linitiative.ca\/International\/wp-json\/wp\/v2\/tags?post=122965"}],"curies":[{"name":"wp","href":"https:\/\/api.w.org\/{rel}","templated":true}]}}