{"id":122971,"date":"2021-08-01T16:15:14","date_gmt":"2021-08-01T20:15:14","guid":{"rendered":"https:\/\/linitiative.ca\/International\/economie-suite-a-lappel-de-kais-saied-les-grandes-surfaces-commerciales-ont-reagit\/"},"modified":"2021-08-01T16:15:14","modified_gmt":"2021-08-01T20:15:14","slug":"economie-suite-a-lappel-de-kais-saied-les-grandes-surfaces-commerciales-ont-reagit","status":"publish","type":"post","link":"https:\/\/linitiative.ca\/International\/economie-suite-a-lappel-de-kais-saied-les-grandes-surfaces-commerciales-ont-reagit\/","title":{"rendered":"Economie : Suite \u00e0 l\u2019appel de Kais Saied, les grandes surfaces commerciales ont r\u00e9agit"},"content":{"rendered":"<div>\n<p>La Chambre Nationale des Syndicats des Grandes Surfaces Commerciale a annonc\u00e9 dans un communiqu\u00e9 rendu public aujourd\u2019hui 01 ao\u00fbt 2021, qu\u2019en r\u00e9ponse \u00e0 l\u2019appel du Pr\u00e9sident \u00e0 la baisse des prix dans ces circonstances exceptionnelles que traverse la Tunisie, elle a d\u00e9cid\u00e9 de s\u2019engager dans cet effort national et de baisser le prix de nombreux [\u2026]<\/p>\n<p>L\u2019article <a href=\"https:\/\/www.tunisienumerique.com\/economie-suite-a-lappel-de-kais-saied-les-grandes-surfaces-commerciales-ont-reagit\/\">Economie : Suite \u00e0 l\u2019appel de Kais Saied, les grandes surfaces commerciales ont r\u00e9agit<\/a> est apparu en premier sur <a href=\"https:\/\/www.tunisienumerique.com\/\">Tunisie<\/a>.<\/p>\n<\/div>\n<p>Auteur: rania ben slimane<br \/>\n<a href=\"https:\/\/www.tunisienumerique.com\/economie-suite-a-lappel-de-kais-saied-les-grandes-surfaces-commerciales-ont-reagit\/\">Cliquez ici pour lire l&rsquo;article depuis sa source.<\/a><\/p>\n","protected":false},"excerpt":{"rendered":"<p>La Chambre Nationale des Syndicats des Grandes Surfaces Commerciale a annonc\u00e9 dans un communiqu\u00e9 rendu public aujourd\u2019hui 01 ao\u00fbt 2021, qu\u2019en r\u00e9ponse \u00e0 l\u2019appel du Pr\u00e9sident \u00e0 la baisse des prix dans ces circonstances exceptionnelles que traverse la Tunisie, elle a d\u00e9cid\u00e9 de s\u2019engager dans cet effort national et de baisser le prix de nombreux [&hellip;]<\/p>\n","protected":false},"author":1789,"featured_media":0,"comment_status":"closed","ping_status":"closed","sticky":false,"template":"","format":"standard","meta":{"fifu_image_url":"","fifu_image_alt":"","footnotes":""},"categories":[73,55],"tags":[],"class_list":["post-122971","post","type-post","status-publish","format-standard","hentry","category-actualite","category-tunisie"],"_links":{"self":[{"href":"https:\/\/linitiative.ca\/International\/wp-json\/wp\/v2\/posts\/122971","targetHints":{"allow":["GET"]}}],"collection":[{"href":"https:\/\/linitiative.ca\/International\/wp-json\/wp\/v2\/posts"}],"about":[{"href":"https:\/\/linitiative.ca\/International\/wp-json\/wp\/v2\/types\/post"}],"author":[{"embeddable":true,"href":"https:\/\/linitiative.ca\/International\/wp-json\/wp\/v2\/users\/1789"}],"replies":[{"embeddable":true,"href":"https:\/\/linitiative.ca\/International\/wp-json\/wp\/v2\/comments?post=122971"}],"version-history":[{"count":0,"href":"https:\/\/linitiative.ca\/International\/wp-json\/wp\/v2\/posts\/122971\/revisions"}],"wp:attachment":[{"href":"https:\/\/linitiative.ca\/International\/wp-json\/wp\/v2\/media?parent=122971"}],"wp:term":[{"taxonomy":"category","embeddable":true,"href":"https:\/\/linitiative.ca\/International\/wp-json\/wp\/v2\/categories?post=122971"},{"taxonomy":"post_tag","embeddable":true,"href":"https:\/\/linitiative.ca\/International\/wp-json\/wp\/v2\/tags?post=122971"}],"curies":[{"name":"wp","href":"https:\/\/api.w.org\/{rel}","templated":true}]}}