{"id":122972,"date":"2021-08-01T16:31:06","date_gmt":"2021-08-01T20:31:06","guid":{"rendered":"https:\/\/linitiative.ca\/International\/tunisie-video-saied-ils-sont-en-train-de-comploter-et-dexploiter-la-misere-des-gens-en-les-encourageant-a-la-migration-clandestine\/"},"modified":"2021-08-01T16:31:06","modified_gmt":"2021-08-01T20:31:06","slug":"tunisie-video-saied-ils-sont-en-train-de-comploter-et-dexploiter-la-misere-des-gens-en-les-encourageant-a-la-migration-clandestine","status":"publish","type":"post","link":"https:\/\/linitiative.ca\/International\/tunisie-video-saied-ils-sont-en-train-de-comploter-et-dexploiter-la-misere-des-gens-en-les-encourageant-a-la-migration-clandestine\/","title":{"rendered":"Tunisie \u2013 VIDEO\u00a0: Sa\u00efed\u00a0: Ils sont en train de comploter et d\u2019exploiter la mis\u00e8re des gens en les encourageant \u00e0 la migration clandestine"},"content":{"rendered":"<div>\n<p>Le pr\u00e9sident Ka\u00efs Sa\u00efed a rencontr\u00e9, ce dimanche sur l\u2019avenue Habib Bourguiba, le nouveau ministre de l\u2019int\u00e9rieur. Il l\u2019a f\u00e9licit\u00e9 pour l\u2019\u00e9norme travail qu\u2019il est en train d\u2019accomplir, en ces circonstances difficiles. Mais, l\u2019a-t-il pr\u00e9venu, il y a des gens qui complotent contre la Tunisie. Il a expliqu\u00e9 que certains sont en train d\u2019encourager les [\u2026]<\/p>\n<p>L\u2019article <a href=\"https:\/\/www.tunisienumerique.com\/tunisie-video-saied-ils-sont-en-train-de-comploter-et-dexploiter-la-misere-des-gens-en-les-encourageant-a-la-migration-clandestine\/\">Tunisie \u2013 VIDEO\u00a0: Sa\u00efed\u00a0: Ils sont en train de comploter et d\u2019exploiter la mis\u00e8re des gens en les encourageant \u00e0 la migration clandestine<\/a> est apparu en premier sur <a href=\"https:\/\/www.tunisienumerique.com\/\">Tunisie<\/a>.<\/p>\n<\/div>\n<p>Auteur: LM<br \/>\n<a href=\"https:\/\/www.tunisienumerique.com\/tunisie-video-saied-ils-sont-en-train-de-comploter-et-dexploiter-la-misere-des-gens-en-les-encourageant-a-la-migration-clandestine\/\">Cliquez ici pour lire l&rsquo;article depuis sa source.<\/a><\/p>\n","protected":false},"excerpt":{"rendered":"<p>Le pr\u00e9sident Ka\u00efs Sa\u00efed a rencontr\u00e9, ce dimanche sur l\u2019avenue Habib Bourguiba, le nouveau ministre de l\u2019int\u00e9rieur. Il l\u2019a f\u00e9licit\u00e9 pour l\u2019\u00e9norme travail qu\u2019il est en train d\u2019accomplir, en ces circonstances difficiles. Mais, l\u2019a-t-il pr\u00e9venu, il y a des gens qui complotent contre la Tunisie. Il a expliqu\u00e9 que certains sont en train d\u2019encourager les [&hellip;]<\/p>\n","protected":false},"author":1789,"featured_media":0,"comment_status":"closed","ping_status":"closed","sticky":false,"template":"","format":"standard","meta":{"fifu_image_url":"","fifu_image_alt":"","footnotes":""},"categories":[73,55],"tags":[],"class_list":["post-122972","post","type-post","status-publish","format-standard","hentry","category-actualite","category-tunisie"],"_links":{"self":[{"href":"https:\/\/linitiative.ca\/International\/wp-json\/wp\/v2\/posts\/122972","targetHints":{"allow":["GET"]}}],"collection":[{"href":"https:\/\/linitiative.ca\/International\/wp-json\/wp\/v2\/posts"}],"about":[{"href":"https:\/\/linitiative.ca\/International\/wp-json\/wp\/v2\/types\/post"}],"author":[{"embeddable":true,"href":"https:\/\/linitiative.ca\/International\/wp-json\/wp\/v2\/users\/1789"}],"replies":[{"embeddable":true,"href":"https:\/\/linitiative.ca\/International\/wp-json\/wp\/v2\/comments?post=122972"}],"version-history":[{"count":0,"href":"https:\/\/linitiative.ca\/International\/wp-json\/wp\/v2\/posts\/122972\/revisions"}],"wp:attachment":[{"href":"https:\/\/linitiative.ca\/International\/wp-json\/wp\/v2\/media?parent=122972"}],"wp:term":[{"taxonomy":"category","embeddable":true,"href":"https:\/\/linitiative.ca\/International\/wp-json\/wp\/v2\/categories?post=122972"},{"taxonomy":"post_tag","embeddable":true,"href":"https:\/\/linitiative.ca\/International\/wp-json\/wp\/v2\/tags?post=122972"}],"curies":[{"name":"wp","href":"https:\/\/api.w.org\/{rel}","templated":true}]}}