{"id":122973,"date":"2021-08-01T16:35:43","date_gmt":"2021-08-01T20:35:43","guid":{"rendered":"https:\/\/linitiative.ca\/International\/visite-inopinee-a-av-habib-bourguiba-video-le-peuple-est-avec-vous-monsieur-le-president\/"},"modified":"2021-08-01T16:35:43","modified_gmt":"2021-08-01T20:35:43","slug":"visite-inopinee-a-av-habib-bourguiba-video-le-peuple-est-avec-vous-monsieur-le-president","status":"publish","type":"post","link":"https:\/\/linitiative.ca\/International\/visite-inopinee-a-av-habib-bourguiba-video-le-peuple-est-avec-vous-monsieur-le-president\/","title":{"rendered":"Visite inopin\u00e9e \u00e0 Av. Habib Bourguiba [VIDEO] : \u00ab Le peuple est avec vous monsieur le pr\u00e9sident ! \u00bb"},"content":{"rendered":"<div>\n<p>Le pr\u00e9sident de la R\u00e9publique, Kais Saied, a effectu\u00e9 le 01 ao\u00fbt 2021, ne visite inopin\u00e9e \u00e0 l\u2019Avenue Habib Bourguiba o\u00f9 il s\u2019est m\u00eal\u00e9 \u00e0 la foule. \u00ab\u00a0Le peuple est avec vous monsieur le pr\u00e9sident\u00a0!\u00a0\u00bb ont-ils cri\u00e9. \u00ab\u00a0Vive la Tunisie\u00a0!\u2026. Vive la Tunisie\u00a0!\u00a0\u00bb leur a r\u00e9pondu Kais Saied.<\/p>\n<p>L\u2019article <a href=\"https:\/\/www.tunisienumerique.com\/visite-inopinee-a-av-habib-bourguiba-video-le-peuple-est-avec-vous-monsieur-le-president\/\">Visite inopin\u00e9e \u00e0 Av. Habib Bourguiba [VIDEO] : \u00ab Le peuple est avec vous monsieur le pr\u00e9sident ! \u00bb<\/a> est apparu en premier sur <a href=\"https:\/\/www.tunisienumerique.com\/\">Tunisie<\/a>.<\/p>\n<\/div>\n<p>Auteur: rania ben slimane<br \/>\n<a href=\"https:\/\/www.tunisienumerique.com\/visite-inopinee-a-av-habib-bourguiba-video-le-peuple-est-avec-vous-monsieur-le-president\/\">Cliquez ici pour lire l&rsquo;article depuis sa source.<\/a><\/p>\n","protected":false},"excerpt":{"rendered":"<p>Le pr\u00e9sident de la R\u00e9publique, Kais Saied, a effectu\u00e9 le 01 ao\u00fbt 2021, ne visite inopin\u00e9e \u00e0 l\u2019Avenue Habib Bourguiba o\u00f9 il s\u2019est m\u00eal\u00e9 \u00e0 la foule. \u00ab\u00a0Le peuple est avec vous monsieur le pr\u00e9sident\u00a0!\u00a0\u00bb ont-ils cri\u00e9. \u00ab\u00a0Vive la Tunisie\u00a0!\u2026. Vive la Tunisie\u00a0!\u00a0\u00bb leur a r\u00e9pondu Kais Saied. L\u2019article Visite inopin\u00e9e \u00e0 Av. Habib Bourguiba [&hellip;]<\/p>\n","protected":false},"author":1789,"featured_media":0,"comment_status":"closed","ping_status":"closed","sticky":false,"template":"","format":"standard","meta":{"fifu_image_url":"","fifu_image_alt":"","footnotes":""},"categories":[73,55],"tags":[],"class_list":["post-122973","post","type-post","status-publish","format-standard","hentry","category-actualite","category-tunisie"],"_links":{"self":[{"href":"https:\/\/linitiative.ca\/International\/wp-json\/wp\/v2\/posts\/122973","targetHints":{"allow":["GET"]}}],"collection":[{"href":"https:\/\/linitiative.ca\/International\/wp-json\/wp\/v2\/posts"}],"about":[{"href":"https:\/\/linitiative.ca\/International\/wp-json\/wp\/v2\/types\/post"}],"author":[{"embeddable":true,"href":"https:\/\/linitiative.ca\/International\/wp-json\/wp\/v2\/users\/1789"}],"replies":[{"embeddable":true,"href":"https:\/\/linitiative.ca\/International\/wp-json\/wp\/v2\/comments?post=122973"}],"version-history":[{"count":0,"href":"https:\/\/linitiative.ca\/International\/wp-json\/wp\/v2\/posts\/122973\/revisions"}],"wp:attachment":[{"href":"https:\/\/linitiative.ca\/International\/wp-json\/wp\/v2\/media?parent=122973"}],"wp:term":[{"taxonomy":"category","embeddable":true,"href":"https:\/\/linitiative.ca\/International\/wp-json\/wp\/v2\/categories?post=122973"},{"taxonomy":"post_tag","embeddable":true,"href":"https:\/\/linitiative.ca\/International\/wp-json\/wp\/v2\/tags?post=122973"}],"curies":[{"name":"wp","href":"https:\/\/api.w.org\/{rel}","templated":true}]}}