{"id":122974,"date":"2021-08-01T16:50:50","date_gmt":"2021-08-01T20:50:50","guid":{"rendered":"https:\/\/linitiative.ca\/International\/tunisie-kais-saied-determine-a-lutter-contre-la-traite-des-etres-humains\/"},"modified":"2021-08-01T16:50:50","modified_gmt":"2021-08-01T20:50:50","slug":"tunisie-kais-saied-determine-a-lutter-contre-la-traite-des-etres-humains","status":"publish","type":"post","link":"https:\/\/linitiative.ca\/International\/tunisie-kais-saied-determine-a-lutter-contre-la-traite-des-etres-humains\/","title":{"rendered":"Tunisie : Kais Saied d\u00e9termin\u00e9 \u00e0 lutter contre la traite des \u00eatres humains"},"content":{"rendered":"<div>\n<p>Le pr\u00e9sident de la R\u00e9publique, Kais Saied a soulign\u00e9 le 01 ao\u00fbt 2021, que l\u2019immigration ill\u00e9gale fait partie des man\u0153uvres auxquelles nous feront face. \u00ab Il existe des r\u00e9seaux de passeurs qui veulent reproduire les \u00e9v\u00e8nements survenus en f\u00e9vrier 2011 et nous allons leur faire face\u00a0\u00bb. Il a soulign\u00e9 que la Tunisie est d\u00e9termin\u00e9e \u00e0 [\u2026]<\/p>\n<p>L\u2019article <a href=\"https:\/\/www.tunisienumerique.com\/tunisie-kais-saied-determine-a-lutter-contre-la-traite-des-etres-humains\/\">Tunisie : Kais Saied d\u00e9termin\u00e9 \u00e0 lutter contre la traite des \u00eatres humains<\/a> est apparu en premier sur <a href=\"https:\/\/www.tunisienumerique.com\/\">Tunisie<\/a>.<\/p>\n<\/div>\n<p>Auteur: rania ben slimane<br \/>\n<a href=\"https:\/\/www.tunisienumerique.com\/tunisie-kais-saied-determine-a-lutter-contre-la-traite-des-etres-humains\/\">Cliquez ici pour lire l&rsquo;article depuis sa source.<\/a><\/p>\n","protected":false},"excerpt":{"rendered":"<p>Le pr\u00e9sident de la R\u00e9publique, Kais Saied a soulign\u00e9 le 01 ao\u00fbt 2021, que l\u2019immigration ill\u00e9gale fait partie des man\u0153uvres auxquelles nous feront face. \u00ab Il existe des r\u00e9seaux de passeurs qui veulent reproduire les \u00e9v\u00e8nements survenus en f\u00e9vrier 2011 et nous allons leur faire face\u00a0\u00bb. Il a soulign\u00e9 que la Tunisie est d\u00e9termin\u00e9e \u00e0 [&hellip;]<\/p>\n","protected":false},"author":1789,"featured_media":0,"comment_status":"closed","ping_status":"closed","sticky":false,"template":"","format":"standard","meta":{"fifu_image_url":"","fifu_image_alt":"","footnotes":""},"categories":[73,55],"tags":[],"class_list":["post-122974","post","type-post","status-publish","format-standard","hentry","category-actualite","category-tunisie"],"_links":{"self":[{"href":"https:\/\/linitiative.ca\/International\/wp-json\/wp\/v2\/posts\/122974","targetHints":{"allow":["GET"]}}],"collection":[{"href":"https:\/\/linitiative.ca\/International\/wp-json\/wp\/v2\/posts"}],"about":[{"href":"https:\/\/linitiative.ca\/International\/wp-json\/wp\/v2\/types\/post"}],"author":[{"embeddable":true,"href":"https:\/\/linitiative.ca\/International\/wp-json\/wp\/v2\/users\/1789"}],"replies":[{"embeddable":true,"href":"https:\/\/linitiative.ca\/International\/wp-json\/wp\/v2\/comments?post=122974"}],"version-history":[{"count":0,"href":"https:\/\/linitiative.ca\/International\/wp-json\/wp\/v2\/posts\/122974\/revisions"}],"wp:attachment":[{"href":"https:\/\/linitiative.ca\/International\/wp-json\/wp\/v2\/media?parent=122974"}],"wp:term":[{"taxonomy":"category","embeddable":true,"href":"https:\/\/linitiative.ca\/International\/wp-json\/wp\/v2\/categories?post=122974"},{"taxonomy":"post_tag","embeddable":true,"href":"https:\/\/linitiative.ca\/International\/wp-json\/wp\/v2\/tags?post=122974"}],"curies":[{"name":"wp","href":"https:\/\/api.w.org\/{rel}","templated":true}]}}