{"id":122975,"date":"2021-08-01T17:00:14","date_gmt":"2021-08-01T21:00:14","guid":{"rendered":"https:\/\/linitiative.ca\/International\/tunisie-le-president-kais-said-affirme-son-engagement-en-faveur-de-la-protection-des-droits-et-libertes\/"},"modified":"2021-08-01T17:00:14","modified_gmt":"2021-08-01T21:00:14","slug":"tunisie-le-president-kais-said-affirme-son-engagement-en-faveur-de-la-protection-des-droits-et-libertes","status":"publish","type":"post","link":"https:\/\/linitiative.ca\/International\/tunisie-le-president-kais-said-affirme-son-engagement-en-faveur-de-la-protection-des-droits-et-libertes\/","title":{"rendered":"Tunisie : Le pr\u00e9sident Kais Said affirme son engagement en faveur de la protection des droits et libert\u00e9s"},"content":{"rendered":"<div>\n<p>Le Pr\u00e9sident de la R\u00e9publique, Kais Saied a affirm\u00e9 le 01 ao\u00fbt 2021, son ferme engagement de prot\u00e9ger les droits et les libert\u00e9s et de renforcer les \u00e9l\u00e9ments de s\u00e9curit\u00e9 et de stabilit\u00e9.<\/p>\n<p>L\u2019article <a href=\"https:\/\/www.tunisienumerique.com\/tunisie-le-president-kais-said-affirme-son-engagement-en-faveur-de-la-protection-des-droits-et-libertes\/\">Tunisie : Le pr\u00e9sident Kais Said affirme son engagement en faveur de la protection des droits et libert\u00e9s<\/a> est apparu en premier sur <a href=\"https:\/\/www.tunisienumerique.com\/\">Tunisie<\/a>.<\/p>\n<\/div>\n<p>Auteur: rania ben slimane<br \/>\n<a href=\"https:\/\/www.tunisienumerique.com\/tunisie-le-president-kais-said-affirme-son-engagement-en-faveur-de-la-protection-des-droits-et-libertes\/\">Cliquez ici pour lire l&rsquo;article depuis sa source.<\/a><\/p>\n","protected":false},"excerpt":{"rendered":"<p>Le Pr\u00e9sident de la R\u00e9publique, Kais Saied a affirm\u00e9 le 01 ao\u00fbt 2021, son ferme engagement de prot\u00e9ger les droits et les libert\u00e9s et de renforcer les \u00e9l\u00e9ments de s\u00e9curit\u00e9 et de stabilit\u00e9. L\u2019article Tunisie : Le pr\u00e9sident Kais Said affirme son engagement en faveur de la protection des droits et libert\u00e9s est apparu en [&hellip;]<\/p>\n","protected":false},"author":1789,"featured_media":0,"comment_status":"closed","ping_status":"closed","sticky":false,"template":"","format":"standard","meta":{"fifu_image_url":"","fifu_image_alt":"","footnotes":""},"categories":[73,55],"tags":[],"class_list":["post-122975","post","type-post","status-publish","format-standard","hentry","category-actualite","category-tunisie"],"_links":{"self":[{"href":"https:\/\/linitiative.ca\/International\/wp-json\/wp\/v2\/posts\/122975","targetHints":{"allow":["GET"]}}],"collection":[{"href":"https:\/\/linitiative.ca\/International\/wp-json\/wp\/v2\/posts"}],"about":[{"href":"https:\/\/linitiative.ca\/International\/wp-json\/wp\/v2\/types\/post"}],"author":[{"embeddable":true,"href":"https:\/\/linitiative.ca\/International\/wp-json\/wp\/v2\/users\/1789"}],"replies":[{"embeddable":true,"href":"https:\/\/linitiative.ca\/International\/wp-json\/wp\/v2\/comments?post=122975"}],"version-history":[{"count":0,"href":"https:\/\/linitiative.ca\/International\/wp-json\/wp\/v2\/posts\/122975\/revisions"}],"wp:attachment":[{"href":"https:\/\/linitiative.ca\/International\/wp-json\/wp\/v2\/media?parent=122975"}],"wp:term":[{"taxonomy":"category","embeddable":true,"href":"https:\/\/linitiative.ca\/International\/wp-json\/wp\/v2\/categories?post=122975"},{"taxonomy":"post_tag","embeddable":true,"href":"https:\/\/linitiative.ca\/International\/wp-json\/wp\/v2\/tags?post=122975"}],"curies":[{"name":"wp","href":"https:\/\/api.w.org\/{rel}","templated":true}]}}