{"id":122976,"date":"2021-08-01T15:21:11","date_gmt":"2021-08-01T19:21:11","guid":{"rendered":"https:\/\/linitiative.ca\/International\/plan-daction-du-premier-ministre-malien-de-la-transition\/"},"modified":"2021-08-01T15:21:11","modified_gmt":"2021-08-01T19:21:11","slug":"plan-daction-du-premier-ministre-malien-de-la-transition","status":"publish","type":"post","link":"https:\/\/linitiative.ca\/International\/plan-daction-du-premier-ministre-malien-de-la-transition\/","title":{"rendered":"PLAN D\u2019ACTION DU PREMIER MINISTRE MALIEN DE LA TRANSITION"},"content":{"rendered":"<div>\n<p><img decoding=\"async\" width=\"700\" height=\"394\" src=\"https:\/\/linitiative.ca\/International\/wp-content\/uploads\/sites\/23\/2021\/08\/CHOGUEL.jpg\" class=\"attachment- size- wp-post-image\" alt=\"\" loading=\"lazy\" style=\"float:left; margin:0 15px 15px 0;\" srcset=\"https:\/\/linitiative.ca\/International\/wp-content\/uploads\/sites\/23\/2021\/08\/CHOGUEL.jpg 700w, https:\/\/lepays.bf\/wp-content\/uploads\/2021\/08\/CHOGUEL-300x169.jpg 300w, https:\/\/lepays.bf\/wp-content\/uploads\/2021\/08\/CHOGUEL-390x220.jpg 390w\" sizes=\"auto, (max-width: 700px) 100vw, 700px\">Le Premier ministre malien de la Transition, Choguel Ma\u00efga, \u00e9tait devant les membres du Conseil national de transition (CNT), le 30 juillet dernier. Et pour cause. Il y est all\u00e9 pour pr\u00e9senter aux parlementaires, le plan d\u2019action du gouvernement lors d\u2019une session extraordinaire. Le chef du gouvernement, dans son propos, a insist\u00e9 sur 4 axes. \u2026<\/p>\n<p>L\u2019article <a rel=\"nofollow\" href=\"https:\/\/lepays.bf\/plan-daction-du-premier-ministre-malien-de-la-transition\/\">PLAN D\u2019ACTION DU PREMIER MINISTRE MALIEN DE LA TRANSITION<\/a> est apparu en premier sur <a rel=\"nofollow\" href=\"https:\/\/lepays.bf\/\">Editions Le Pays<\/a>.<\/p>\n<\/div>\n<p>Auteur: Editions LEPAYS<br \/>\n<a href=\"https:\/\/lepays.bf\/plan-daction-du-premier-ministre-malien-de-la-transition\/\">Cliquez ici pour lire l&rsquo;article depuis sa source.<\/a><\/p>\n","protected":false},"excerpt":{"rendered":"<p>Le Premier ministre malien de la Transition, Choguel Ma\u00efga, \u00e9tait devant les membres du Conseil national de transition (CNT), le 30 juillet dernier. Et pour cause. Il y est all\u00e9 pour pr\u00e9senter aux parlementaires, le plan d\u2019action du gouvernement lors d\u2019une session extraordinaire. Le chef du gouvernement, dans son propos, a insist\u00e9 sur 4 axes. [&hellip;]<\/p>\n","protected":false},"author":1813,"featured_media":0,"comment_status":"closed","ping_status":"closed","sticky":false,"template":"","format":"standard","meta":{"fifu_image_url":"https:\/\/lepays.bf\/wp-content\/uploads\/2021\/08\/CHOGUEL.jpg","fifu_image_alt":"PLAN D\u2019ACTION DU PREMIER MINISTRE MALIEN DE LA TRANSITION","footnotes":""},"categories":[73,81],"tags":[],"class_list":["post-122976","post","type-post","status-publish","format-standard","hentry","category-actualite","category-burkina-faso"],"_links":{"self":[{"href":"https:\/\/linitiative.ca\/International\/wp-json\/wp\/v2\/posts\/122976","targetHints":{"allow":["GET"]}}],"collection":[{"href":"https:\/\/linitiative.ca\/International\/wp-json\/wp\/v2\/posts"}],"about":[{"href":"https:\/\/linitiative.ca\/International\/wp-json\/wp\/v2\/types\/post"}],"author":[{"embeddable":true,"href":"https:\/\/linitiative.ca\/International\/wp-json\/wp\/v2\/users\/1813"}],"replies":[{"embeddable":true,"href":"https:\/\/linitiative.ca\/International\/wp-json\/wp\/v2\/comments?post=122976"}],"version-history":[{"count":0,"href":"https:\/\/linitiative.ca\/International\/wp-json\/wp\/v2\/posts\/122976\/revisions"}],"wp:attachment":[{"href":"https:\/\/linitiative.ca\/International\/wp-json\/wp\/v2\/media?parent=122976"}],"wp:term":[{"taxonomy":"category","embeddable":true,"href":"https:\/\/linitiative.ca\/International\/wp-json\/wp\/v2\/categories?post=122976"},{"taxonomy":"post_tag","embeddable":true,"href":"https:\/\/linitiative.ca\/International\/wp-json\/wp\/v2\/tags?post=122976"}],"curies":[{"name":"wp","href":"https:\/\/api.w.org\/{rel}","templated":true}]}}