{"id":122978,"date":"2021-08-01T15:23:53","date_gmt":"2021-08-01T19:23:53","guid":{"rendered":"https:\/\/linitiative.ca\/International\/feu-vert-du-conseil-detat-francais-pour-lextradition-de-francois-compaore\/"},"modified":"2021-08-01T15:23:53","modified_gmt":"2021-08-01T19:23:53","slug":"feu-vert-du-conseil-detat-francais-pour-lextradition-de-francois-compaore","status":"publish","type":"post","link":"https:\/\/linitiative.ca\/International\/feu-vert-du-conseil-detat-francais-pour-lextradition-de-francois-compaore\/","title":{"rendered":"FEU VERT DU CONSEIL D\u2019ETAT FRAN\u00c7AIS POUR L\u2019EXTRADITION DE FRAN\u00c7OIS COMPAORE  \u00a0"},"content":{"rendered":"<div>\n<p><img decoding=\"async\" width=\"592\" height=\"296\" src=\"https:\/\/linitiative.ca\/International\/wp-content\/uploads\/sites\/23\/2021\/08\/FRANCOIS.jpg\" class=\"attachment- size- wp-post-image\" alt=\"\" loading=\"lazy\" style=\"float:left; margin:0 15px 15px 0;\" srcset=\"https:\/\/linitiative.ca\/International\/wp-content\/uploads\/sites\/23\/2021\/08\/FRANCOIS.jpg 592w, https:\/\/lepays.bf\/wp-content\/uploads\/2021\/08\/FRANCOIS-300x150.jpg 300w\" sizes=\"auto, (max-width: 592px) 100vw, 592px\">Les m\u00e2choires de l\u2019\u00e9tau judiciaire sont en train de se resserrer petit \u00e0 petit autour de Fran\u00e7ois Compaor\u00e9, mis en cause dans l\u2019affaire Norbert Zongo pour \u00ab\u00a0incitation \u00e0 assassinat\u00a0\u00bb, par la Justice burkinab\u00e8. Son pourvoi contre\u00a0 son extradition vers le Burkina Faso, autoris\u00e9e par un d\u00e9cret du gouvernement fran\u00e7ais datant du 21 f\u00e9vrier 2020, a \u2026<\/p>\n<p>L\u2019article <a rel=\"nofollow\" href=\"https:\/\/lepays.bf\/feu-vert-du-conseil-detat-francais-pour-lextradition-de-francois-compaore\/\">FEU VERT DU CONSEIL D\u2019ETAT FRAN\u00c7AIS POUR L\u2019EXTRADITION DE FRAN\u00c7OIS COMPAORE  \u00a0<\/a> est apparu en premier sur <a rel=\"nofollow\" href=\"https:\/\/lepays.bf\/\">Editions Le Pays<\/a>.<\/p>\n<\/div>\n<p>Auteur: Editions LEPAYS<br \/>\n<a href=\"https:\/\/lepays.bf\/feu-vert-du-conseil-detat-francais-pour-lextradition-de-francois-compaore\/\">Cliquez ici pour lire l&rsquo;article depuis sa source.<\/a><\/p>\n","protected":false},"excerpt":{"rendered":"<p>Les m\u00e2choires de l\u2019\u00e9tau judiciaire sont en train de se resserrer petit \u00e0 petit autour de Fran\u00e7ois Compaor\u00e9, mis en cause dans l\u2019affaire Norbert Zongo pour \u00ab\u00a0incitation \u00e0 assassinat\u00a0\u00bb, par la Justice burkinab\u00e8. Son pourvoi contre\u00a0 son extradition vers le Burkina Faso, autoris\u00e9e par un d\u00e9cret du gouvernement fran\u00e7ais datant du 21 f\u00e9vrier 2020, a [&hellip;]<\/p>\n","protected":false},"author":1813,"featured_media":0,"comment_status":"closed","ping_status":"closed","sticky":false,"template":"","format":"standard","meta":{"fifu_image_url":"https:\/\/lepays.bf\/wp-content\/uploads\/2021\/08\/FRANCOIS.jpg","fifu_image_alt":"FEU VERT DU CONSEIL D\u2019ETAT FRAN\u00c7AIS POUR L\u2019EXTRADITION DE FRAN\u00c7OIS COMPAORE  \u00a0","footnotes":""},"categories":[73,81],"tags":[],"class_list":["post-122978","post","type-post","status-publish","format-standard","hentry","category-actualite","category-burkina-faso"],"_links":{"self":[{"href":"https:\/\/linitiative.ca\/International\/wp-json\/wp\/v2\/posts\/122978","targetHints":{"allow":["GET"]}}],"collection":[{"href":"https:\/\/linitiative.ca\/International\/wp-json\/wp\/v2\/posts"}],"about":[{"href":"https:\/\/linitiative.ca\/International\/wp-json\/wp\/v2\/types\/post"}],"author":[{"embeddable":true,"href":"https:\/\/linitiative.ca\/International\/wp-json\/wp\/v2\/users\/1813"}],"replies":[{"embeddable":true,"href":"https:\/\/linitiative.ca\/International\/wp-json\/wp\/v2\/comments?post=122978"}],"version-history":[{"count":0,"href":"https:\/\/linitiative.ca\/International\/wp-json\/wp\/v2\/posts\/122978\/revisions"}],"wp:attachment":[{"href":"https:\/\/linitiative.ca\/International\/wp-json\/wp\/v2\/media?parent=122978"}],"wp:term":[{"taxonomy":"category","embeddable":true,"href":"https:\/\/linitiative.ca\/International\/wp-json\/wp\/v2\/categories?post=122978"},{"taxonomy":"post_tag","embeddable":true,"href":"https:\/\/linitiative.ca\/International\/wp-json\/wp\/v2\/tags?post=122978"}],"curies":[{"name":"wp","href":"https:\/\/api.w.org\/{rel}","templated":true}]}}