{"id":122980,"date":"2021-07-31T18:18:03","date_gmt":"2021-07-31T22:18:03","guid":{"rendered":"https:\/\/linitiative.ca\/International\/jo-foot-lespagne-elimine-la-cote-divoire-en-1-4-de-finale\/"},"modified":"2021-07-31T18:18:03","modified_gmt":"2021-07-31T22:18:03","slug":"jo-foot-lespagne-elimine-la-cote-divoire-en-1-4-de-finale","status":"publish","type":"post","link":"https:\/\/linitiative.ca\/International\/jo-foot-lespagne-elimine-la-cote-divoire-en-1-4-de-finale\/","title":{"rendered":"JO\/Foot: l\u2019Espagne \u00e9limine la C\u00f4te d\u2019Ivoire en 1\/4 de finale"},"content":{"rendered":"<div>\n<p><img loading=\"lazy\" decoding=\"async\" width=\"720\" height=\"410\" src=\"https:\/\/linitiative.ca\/International\/wp-content\/uploads\/sites\/23\/2021\/08\/16277698836424.jpg\" class=\"attachment-post-thumbnail size-post-thumbnail wp-post-image\" alt=\"\" srcset=\"https:\/\/linitiative.ca\/International\/wp-content\/uploads\/sites\/23\/2021\/08\/16277698836424.jpg 720w, https:\/\/www.journalducameroun.com\/wp-content\/uploads\/2021\/07\/16277698836424-300x171.jpg 300w, https:\/\/www.journalducameroun.com\/wp-content\/uploads\/2021\/07\/16277698836424-380x215.jpg 380w, https:\/\/www.journalducameroun.com\/wp-content\/uploads\/2021\/07\/16277698836424-160x90.jpg 160w, https:\/\/www.journalducameroun.com\/wp-content\/uploads\/2021\/07\/16277698836424-350x200.jpg 350w, https:\/\/www.journalducameroun.com\/wp-content\/uploads\/2021\/07\/16277698836424-600x342.jpg 600w\" sizes=\"auto, (max-width: 720px) 100vw, 720px\"><\/p>\n<p>Les El\u00e9phants espoirs de C\u00f4te d&rsquo;Ivoire ont perdu (2-5) face \u00e0 l&rsquo;\u00e9quipe de l&rsquo;Espagne, samedi, en match comptant pour les quarts de finale des Jeux olympiques de Tokyo 2021.<\/p>\n<p>Plus entreprenant d\u00e8s l&rsquo;entame du match, les ivoiriens ont d\u00e9cid\u00e9 aussit\u00f4t de prendre les choses en main. Une volont\u00e9 affich\u00e9e qui sera remerci\u00e9 \u00e0 la 10\u00e8 minutes de jeu.<\/p>\n<p>\u00a0Surgit de nulle part \u00e0 la suite d&rsquo;un corner pour les El\u00e9phants, Eric Bailly surprend la d\u00e9fense espagnole et inscrit le premier but de la partie (1-0, 10\u00e8) pour les ivoiriens.<\/p>\n<p>Un premier but qui met en confiance les El\u00e9phants. Alors men\u00e9e par un Max Gradel tout feu tout flamme, l&rsquo;\u00e9quipe enchaine une s\u00e9rie d&rsquo;attaques foudroyantes dans le camp Espagnol.<\/p>\n<p>Fatigu\u00e9s de la bourrasque des pachydermes dans leur camp, les rouges de l&rsquo;Espagne se d\u00e9cident \u00e0 leur tour de renverser le cours du match.<\/p>\n<p>Ils font alors tourner le ballon mais leurs tentatives restent infructueuses jusqu&rsquo;\u00e0 la 2\u00e8 moiti\u00e9 du quart temps. Sur une erreur du d\u00e9fenseur Wlfried Singo Dani Olmo, en embuscade, cr\u00e9e la surprise et obtient l&rsquo;\u00e9galisation (1-1) \u00e0 la 30\u00e8.<\/p>\n<p>Un but accord\u00e9 puis refus\u00e9 \u00e0 l&rsquo;Espagne par la VAR \u00e0 la 41e minute de jeu fini par fouetter dans son amour propre les El\u00e9phants qui se repositionnent en un bloc bas pour laisser venir l&rsquo;adversaire. Intervient alors la pause de la 1\u00e8re mi-temps sur ce score de un but de chaque c\u00f4t\u00e9.<\/p>\n<p>A la reprise, la mar\u00e9e rouge se fait plus insistance dans la d\u00e9fense ivoirienne qui r\u00e9siste bien, avec un Eliezer Ira en confiance.<\/p>\n<p>Ahmad Diallo rentre \u00e0 la 62\u00e8 \u00e0 la place de Timit\u00e9 Cheick et titille aussit\u00f4t la d\u00e9fense espagnole avec des perc\u00e9es dans les 18\u00e8 m\u00e8tres du camp adverse. Des actions qui ne donnent pas grande chose jusqu&rsquo;\u00e0 la 90\u00e8 minute o\u00f9 dans une balle men\u00e9e depuis la d\u00e9fense, Max Alain Gradel crucifie le portier espagnol (2-1).<\/p>\n<p>La joie dans le camp des ivoiriens est de courte dur\u00e9e, 2 minutes plus tard dans le temps additionnel, soit \u00e0 la 92\u00e8 survient l&rsquo;\u00e9galisation de l&rsquo;Espagne gr\u00e2ce \u00e0 un but de son attaquant Mir Rafa (2-2). Cette \u00e9galisation espagnole apr\u00e8s un cafouillage et un manque de communication au sein de la d\u00e9fense des espoirs ivoiriens fini par \u00e9branler tout le dispositif du coach Ha\u00efdara au cours des prolongations.<\/p>\n<p>Les El\u00e9phants d\u00e9sormais perdus dans la mar\u00e9e rouge vont subir diff\u00e9rents assauts dont un penalty provoqu\u00e9 par une main d&rsquo;Eric Bailly, transform\u00e9 par Mikel Oyarzabal \u00e0 la 98\u00e8, 3-2 donc pour l&rsquo;Espagne.<\/p>\n<p>S&rsquo;en suit un 4\u00e8 puis un 5\u00e8 but des espagnoles. Score final de ce match C\u00f4te d&rsquo;Ivoire-Espagne (2-5). Cette d\u00e9faite sonne donc la fin du parcours des El\u00e9phants U23 aux JO Tokyo 2021.<\/p>\n<p>Cet article <a rel=\"nofollow\" href=\"https:\/\/www.journalducameroun.com\/jo-foot-lespagne-elimine-la-cote-divoire-en-1-4-de-finale\/\">JO\/Foot: l\u2019Espagne \u00e9limine la C\u00f4te d\u2019Ivoire en 1\/4 de finale<\/a> est apparu en premier sur <a rel=\"nofollow\" href=\"https:\/\/www.journalducameroun.com\/\">Journal du Cameroun<\/a>.<\/p>\n<\/div>\n<p>Auteur: APA News<br \/>\n<a href=\"https:\/\/www.journalducameroun.com\/jo-foot-lespagne-elimine-la-cote-divoire-en-1-4-de-finale\/\">Cliquez ici pour lire l&rsquo;article depuis sa source.<\/a><\/p>\n","protected":false},"excerpt":{"rendered":"<p>Les El\u00e9phants espoirs de C\u00f4te d&rsquo;Ivoire ont perdu (2-5) face \u00e0 l&rsquo;\u00e9quipe de l&rsquo;Espagne, samedi, en match comptant pour les quarts de finale des Jeux olympiques de Tokyo 2021. Plus entreprenant d\u00e8s l&rsquo;entame du match, les ivoiriens ont d\u00e9cid\u00e9 aussit\u00f4t de prendre les choses en main. Une volont\u00e9 affich\u00e9e qui sera remerci\u00e9 \u00e0 la 10\u00e8 [&hellip;]<\/p>\n","protected":false},"author":1965,"featured_media":0,"comment_status":"closed","ping_status":"closed","sticky":false,"template":"","format":"standard","meta":{"fifu_image_url":"https:\/\/www.journalducameroun.com\/wp-content\/uploads\/2021\/07\/16277698836424.jpg","fifu_image_alt":"JO\/Foot: l\u2019Espagne \u00e9limine la C\u00f4te d\u2019Ivoire en 1\/4 de finale","footnotes":""},"categories":[73,82],"tags":[],"class_list":["post-122980","post","type-post","status-publish","format-standard","hentry","category-actualite","category-cameroun"],"_links":{"self":[{"href":"https:\/\/linitiative.ca\/International\/wp-json\/wp\/v2\/posts\/122980","targetHints":{"allow":["GET"]}}],"collection":[{"href":"https:\/\/linitiative.ca\/International\/wp-json\/wp\/v2\/posts"}],"about":[{"href":"https:\/\/linitiative.ca\/International\/wp-json\/wp\/v2\/types\/post"}],"author":[{"embeddable":true,"href":"https:\/\/linitiative.ca\/International\/wp-json\/wp\/v2\/users\/1965"}],"replies":[{"embeddable":true,"href":"https:\/\/linitiative.ca\/International\/wp-json\/wp\/v2\/comments?post=122980"}],"version-history":[{"count":0,"href":"https:\/\/linitiative.ca\/International\/wp-json\/wp\/v2\/posts\/122980\/revisions"}],"wp:attachment":[{"href":"https:\/\/linitiative.ca\/International\/wp-json\/wp\/v2\/media?parent=122980"}],"wp:term":[{"taxonomy":"category","embeddable":true,"href":"https:\/\/linitiative.ca\/International\/wp-json\/wp\/v2\/categories?post=122980"},{"taxonomy":"post_tag","embeddable":true,"href":"https:\/\/linitiative.ca\/International\/wp-json\/wp\/v2\/tags?post=122980"}],"curies":[{"name":"wp","href":"https:\/\/api.w.org\/{rel}","templated":true}]}}