{"id":122982,"date":"2021-07-31T20:18:02","date_gmt":"2021-08-01T00:18:02","guid":{"rendered":"https:\/\/linitiative.ca\/International\/patrick-achi-appelle-les-ivoiriens-a-oser-lunion-nationale\/"},"modified":"2021-07-31T20:18:02","modified_gmt":"2021-08-01T00:18:02","slug":"patrick-achi-appelle-les-ivoiriens-a-oser-lunion-nationale","status":"publish","type":"post","link":"https:\/\/linitiative.ca\/International\/patrick-achi-appelle-les-ivoiriens-a-oser-lunion-nationale\/","title":{"rendered":"Patrick Achi appelle les Ivoiriens \u00e0 \u00ab\u00a0oser l\u2019union nationale\u00a0\u00bb"},"content":{"rendered":"<div>\n<p><img loading=\"lazy\" decoding=\"async\" width=\"800\" height=\"533\" src=\"https:\/\/linitiative.ca\/International\/wp-content\/uploads\/sites\/23\/2021\/08\/16277770827997.jpg\" class=\"attachment-post-thumbnail size-post-thumbnail wp-post-image\" alt=\"\" srcset=\"https:\/\/linitiative.ca\/International\/wp-content\/uploads\/sites\/23\/2021\/08\/16277770827997.jpg 800w, https:\/\/www.journalducameroun.com\/wp-content\/uploads\/2021\/08\/16277770827997-300x200.jpg 300w, https:\/\/www.journalducameroun.com\/wp-content\/uploads\/2021\/08\/16277770827997-768x512.jpg 768w, https:\/\/www.journalducameroun.com\/wp-content\/uploads\/2021\/08\/16277770827997-660x440.jpg 660w, https:\/\/www.journalducameroun.com\/wp-content\/uploads\/2021\/08\/16277770827997-600x400.jpg 600w\" sizes=\"auto, (max-width: 800px) 100vw, 800px\"><\/p>\n<p>Le Premier ministre Patrick Achi a appel\u00e9 samedi \u00e0 Adzop\u00e9, sa ville natale, situ\u00e9e \u00e0 pr\u00e8s de 80 Km au nord-ouest d&rsquo;Abidjan, les Ivoiriens \u00e0 \u00ab\u00a0oser l&rsquo;union nationale\u00a0\u00bb, lors d&rsquo;une c\u00e9r\u00e9monie d&rsquo;hommage et de reconnaissance \u00e0 Alassane Ouattara, au stade de la cit\u00e9.<\/p>\n<p>\u00ab\u00a0Il faut oser l&rsquo;union nationale et poser les actes qui veulent unir, r\u00e9unir les hommes par del\u00e0 les logiques du pass\u00e9 et par del\u00e0 les diff\u00e9rences d&rsquo;hier\u00a0\u00bb, a d\u00e9clar\u00e9 M. Patrick Achi devant des milliers de personnes, au stade Alassane Ouattara.<\/p>\n<p>Le Premier ministre ivoirien a exhort\u00e9 ses concitoyens \u00e0 amener les autres \u00ab\u00a0autour d&rsquo;objectifs d&rsquo;avenir dans une coh\u00e9sion sociale profonde, dans une r\u00e9conciliation de coeur v\u00e9ritable et dans une dynamique citoyenne absolue\u00a0\u00bb.\u00a0<\/p>\n<p>V\u00eatu d&rsquo;un gros pagne, \u00e0 son effigie et \u00e0 celle du chef de l&rsquo;Etat, arbor\u00e9 comme l&rsquo;exige la tradition, Patrick Achi, a devant les siens traduit ses profonds remerciements \u00e0 M. Ouattara qui l&rsquo;a nomm\u00e9 le 26 mars 2021 au poste de Premier ministre.\u00a0<\/p>\n<p>\u00ab\u00a0Le pr\u00e9sident est \u00e0 mes yeux un mod\u00e8le, je travaillerai ici encore et toujours en donnant pour lui et au pays tout entier tout ce que je sais, tout ce que je peux, tout ce que j&rsquo;ai\u00a0\u00bb, a-t-il dit, avant d&rsquo;ajouter que tous ses mots n&rsquo;arriveront pas \u00e0 traduire l&rsquo;intensit\u00e9 de sa gratitude.<\/p>\n<p>\u00ab\u00a0J&rsquo;ai une pens\u00e9e toute particuli\u00e8re \u00e0 l&rsquo;endroit de la Premi\u00e8re dame, Mme Dominique Ouattara dont le soutien constant, le plus pr\u00e9cieux et les conseils avis\u00e9s ne m&rsquo;ont jamais fait d\u00e9faut\u00a0\u00bb, a d\u00e9clar\u00e9 M. Patrick Achi. \u00a0 \u00a0\u00a0<\/p>\n<p>Relatant son enfance, ses premi\u00e8res ann\u00e9es de classe et un pan de son cursus scolaire, il a r\u00e9v\u00e9l\u00e9 que son p\u00e8re l&rsquo;orientait vers un destin de garagiste, mais aujourd&rsquo;hui il est devenu Premier ministre par la gr\u00e2ce de Dieu et par la confiance investie en lui par M. Ouattara.\u00a0<\/p>\n<p>Pour lui, M. Ouattara est celui qui guide la marche nationale. A lui, tout seul, il a \u00ab\u00a0transform\u00e9 le destin d&rsquo;un peuple\u00a0\u00bb en posant trois actes majeurs, notamment la cr\u00e9ation de la R\u00e9gion de la M\u00e9 parce que ses d\u00e9partements \u00e9taient r\u00e9partis dans d&rsquo;autres r\u00e9gions.<\/p>\n<p>En outre, le pr\u00e9sident ivoirien a investi de fa\u00e7on importante dans la R\u00e9gion de la M\u00e9, car en dix ans, les investissements dans les secteurs des infrastructures socio-\u00e9conomiques avoisinent 200 milliards Fcfa; et enfin dans cette r\u00e9gion, M. Ouattara l&rsquo;a \u00e9lev\u00e9 comme Premier ministre.<\/p>\n<p>\u00ab\u00a0C&rsquo;est pour ces raisons et tant d&rsquo;autres que nous devons \u00e0 celui qui a pu poser tous ces actes, pour une seule r\u00e9gion, pour un m\u00eame peuple, un remerciement, une reconnaissance, une gratitude \u00e9ternelle\u00a0\u00bb, a-t-il poursuivi.\u00a0<\/p>\n<p>Les r\u00e9gions alli\u00e9es \u00e9taient \u00e9galement pr\u00e9sentes \u00e0 cette c\u00e9r\u00e9monie d&rsquo;hommage au pr\u00e9sident ivoirien Alassane Ouattara. Philippe Legr\u00e9, le ministre-gouverneur du District du Bas-Sassandra, a salu\u00e9 les travaux sociaux-\u00e9conomiques en cours \u00e0 travers le pays.\u00a0<\/p>\n<p>\u00ab\u00a0Quel soulagement !\u00a0\u00bb, s&rsquo;est exclam\u00e9 M. Philippe Legr\u00e9, pour montrer combien ces r\u00e9alisations viendront faciliter le quotidien des populations et booster les opportunit\u00e9s \u00e9conomiques dans les diff\u00e9rentes r\u00e9gions de la C\u00f4te d&rsquo;Ivoire.<\/p>\n<p>Le ministre-gouverneur du District autonome du Bas-Sassandra, s&rsquo;est f\u00e9licit\u00e9 de la r\u00e9cente rencontre entre le chef de l&rsquo;Etat Alassane Ouattara et l&rsquo;ancien pr\u00e9sident Laurent Gbagbo, ce qui montre que l&rsquo;actuel pr\u00e9sident est un homme de paix et de r\u00e9conciliation.<\/p>\n<p>Quant au porte-parole des populations, il a c\u00e9l\u00e9br\u00e9 M. Ouattara pour le \u00ab\u00a0choix\u00a0\u00bb de leur fils \u00e0 la t\u00eate de l&rsquo;\u00e9quipe gouvernementale pour, d&rsquo;abord ses comp\u00e9tences, sa loyaut\u00e9, tout en appelant les siens \u00e0 consid\u00e9rer l&rsquo;essentiel qui est le d\u00e9veloppement de la r\u00e9gion. \u00a0<\/p>\n<p>\u00ab\u00a0Vous pouvez compter sur nous dans l&rsquo;exercice de vos missions\u00a0\u00bb, a lanc\u00e9 pour sa part le maire de la commune d&rsquo;Adzop\u00e9, qui a d&rsquo;ailleurs plaid\u00e9 pour la r\u00e9habilitation du stade Alassane Ouattara d&rsquo;Adzop\u00e9 en vue d&rsquo;accueillir les grandes comp\u00e9titions sportives. \u00a0<\/p>\n<p>A cette c\u00e9r\u00e9monie d&rsquo;hommage au chef de l&rsquo;Etat, \u00e9taient pr\u00e9sents plusieurs ministres, des chefs traditionnels, coutumiers, et le directeur ex\u00e9cutif du Rhdp (pouvoir), Adama Bictogo, et Mme Rokia Ouattara, la soeur de M. Alassane Ouattara.<\/p>\n<p>Cet article <a rel=\"nofollow\" href=\"https:\/\/www.journalducameroun.com\/patrick-achi-appelle-les-ivoiriens-a-oser-lunion-nationale\/\">Patrick Achi appelle les Ivoiriens \u00e0 \u00ab\u00a0oser l\u2019union nationale\u00a0\u00bb<\/a> est apparu en premier sur <a rel=\"nofollow\" href=\"https:\/\/www.journalducameroun.com\/\">Journal du Cameroun<\/a>.<\/p>\n<\/div>\n<p>Auteur: APA News<br \/>\n<a href=\"https:\/\/www.journalducameroun.com\/patrick-achi-appelle-les-ivoiriens-a-oser-lunion-nationale\/\">Cliquez ici pour lire l&rsquo;article depuis sa source.<\/a><\/p>\n","protected":false},"excerpt":{"rendered":"<p>Le Premier ministre Patrick Achi a appel\u00e9 samedi \u00e0 Adzop\u00e9, sa ville natale, situ\u00e9e \u00e0 pr\u00e8s de 80 Km au nord-ouest d&rsquo;Abidjan, les Ivoiriens \u00e0 \u00ab\u00a0oser l&rsquo;union nationale\u00a0\u00bb, lors d&rsquo;une c\u00e9r\u00e9monie d&rsquo;hommage et de reconnaissance \u00e0 Alassane Ouattara, au stade de la cit\u00e9. \u00ab\u00a0Il faut oser l&rsquo;union nationale et poser les actes qui veulent unir, [&hellip;]<\/p>\n","protected":false},"author":1965,"featured_media":0,"comment_status":"closed","ping_status":"closed","sticky":false,"template":"","format":"standard","meta":{"fifu_image_url":"https:\/\/www.journalducameroun.com\/wp-content\/uploads\/2021\/08\/16277770827997.jpg","fifu_image_alt":"Patrick Achi appelle les Ivoiriens \u00e0 \u00ab\u00a0oser l\u2019union nationale\u00a0\u00bb","footnotes":""},"categories":[73,82],"tags":[],"class_list":["post-122982","post","type-post","status-publish","format-standard","hentry","category-actualite","category-cameroun"],"_links":{"self":[{"href":"https:\/\/linitiative.ca\/International\/wp-json\/wp\/v2\/posts\/122982","targetHints":{"allow":["GET"]}}],"collection":[{"href":"https:\/\/linitiative.ca\/International\/wp-json\/wp\/v2\/posts"}],"about":[{"href":"https:\/\/linitiative.ca\/International\/wp-json\/wp\/v2\/types\/post"}],"author":[{"embeddable":true,"href":"https:\/\/linitiative.ca\/International\/wp-json\/wp\/v2\/users\/1965"}],"replies":[{"embeddable":true,"href":"https:\/\/linitiative.ca\/International\/wp-json\/wp\/v2\/comments?post=122982"}],"version-history":[{"count":0,"href":"https:\/\/linitiative.ca\/International\/wp-json\/wp\/v2\/posts\/122982\/revisions"}],"wp:attachment":[{"href":"https:\/\/linitiative.ca\/International\/wp-json\/wp\/v2\/media?parent=122982"}],"wp:term":[{"taxonomy":"category","embeddable":true,"href":"https:\/\/linitiative.ca\/International\/wp-json\/wp\/v2\/categories?post=122982"},{"taxonomy":"post_tag","embeddable":true,"href":"https:\/\/linitiative.ca\/International\/wp-json\/wp\/v2\/tags?post=122982"}],"curies":[{"name":"wp","href":"https:\/\/api.w.org\/{rel}","templated":true}]}}