{"id":122991,"date":"2021-08-01T06:49:58","date_gmt":"2021-08-01T10:49:58","guid":{"rendered":"https:\/\/linitiative.ca\/International\/la-bdeac-recherche-un-statut-dobservateur-a-lunion-africaine\/"},"modified":"2021-08-01T06:49:58","modified_gmt":"2021-08-01T10:49:58","slug":"la-bdeac-recherche-un-statut-dobservateur-a-lunion-africaine","status":"publish","type":"post","link":"https:\/\/linitiative.ca\/International\/la-bdeac-recherche-un-statut-dobservateur-a-lunion-africaine\/","title":{"rendered":"La Bdeac recherche un statut d\u2019observateur \u00e0 l\u2019Union Africaine"},"content":{"rendered":"<div>\n<p>La Banque de D\u00e9veloppement des Etats de l\u2019Afrique Centrale (Bdeac) envisage passer \u00e0 une \u00e9tape sup\u00e9rieure. Le mardi 27 juillet 2021, dans le cadre du processus d\u2019accr\u00e9ditation de la Banque de D\u00e9veloppement des Etats de l\u2019Afrique Centrale (Bdeac), au sein de\u00a0\u00a0l\u2019Union Africaine, le Pr\u00e9sident de l\u2019institution financi\u00e8re, Fortunato-Ofa Mbo Nchama, a eu une s\u00e9ance de travail avec le Groupe des Ambassadeurs des pays de la R\u00e9gion Afrique Centrale.\u00a0Cette rencontre de haut niveau s\u2019est tenue \u00e0 Addis-Abeba\u00a0\u00a0en Ethiopie, avec la participation de tous les pays de la Communaut\u00e9 Economique des Etats de l\u2019Afrique Centrale (Ceeac), ainsi que la repr\u00e9sentante aupr\u00e8s de l\u2019Union Africaine.<\/p>\n<p><strong>Lire aussi <\/strong>: <strong><a href=\"https:\/\/ecomatin.net\/performances-la-bdeac-realise-un-benefice-net-de-98-milliards-de-f-en-2020\/\">Performances : la Bdeac r\u00e9alise un b\u00e9n\u00e9fice net de 9,8 milliards de F en 2020<\/a><\/strong><\/p>\n<p>\u00a0Au cours de cette rencontre, le Pr\u00e9sident de la Bdeac, a plaid\u00e9 pour l\u2019obtention d\u2019un statut d\u2019observateur aupr\u00e8s de l\u2019Union Africaine. Lieu o\u00f9 les questions de d\u00e9veloppement du continent sont discut\u00e9es et adopt\u00e9es.\u00a0\u00ab\u2026\u00a0R\u00e9gion la plus riche du continent et b\u00e9n\u00e9ficiant d\u2019une position g\u00e9ographique strat\u00e9gique au c\u0153ur de l\u2019Afrique, la zone constitu\u00e9e par les pays membres de la Ceeac doit tirer grandement avantage de ces atouts comparatifs. Elle doit se donner tous les moyens pour d\u00e9fendre ses int\u00e9r\u00eats aussi bien au niveau politique qu\u2019en ce qui concerne les strat\u00e9gies de d\u00e9veloppement\u00a0\u00bb, renseigne le communiqu\u00e9 de la banque dont EcoMatin a eu copie.\u00a0<\/p>\n<p><strong>Lire aussi<\/strong> : <strong><a href=\"https:\/\/ecomatin.net\/financement-la-bdeac-investit-336-milliardss-de-f-en-46-ans-au-cameroun\/\">Financement : la Bdeac investit 336 milliards de F en 46 ans au Cameroun<\/a><\/strong><\/p>\n<p>La d\u00e9marche de la Bdeac est d\u2019autant plus motiv\u00e9e que les actions men\u00e9es dans le cadre du Plan Strat\u00e9gique 2017-2022 sont coh\u00e9rentes avec l\u2019agenda 2063 de l\u2019Union Africaine. En ce sens que, la Bdeac est pleinement engag\u00e9e dans le financement de projets de d\u00e9veloppement durable, l\u2019inclusion financi\u00e8re, l\u2019int\u00e9gration r\u00e9gionale et la promotion d\u2019une Afrique forte et respect\u00e9e.\u00a0En cl\u00f4turant son adresse, Fortunato-Ofa Mbo Nchama,\u00a0a fond\u00e9 l\u2019espoir que cette ambition de la Bdeac se concr\u00e9tise dans les meilleurs d\u00e9lais, surtout avec l\u2019appui lourd des Ambassadeurs.<\/p>\n<p><strong>Lire aussi<\/strong> : <strong><a href=\"https:\/\/ecomatin.net\/la-bdeac-injecte-17-milliard-de-f-dans-un-projet-hotelier-a-douala\/\">La Bdeac injecte 1,7 milliard de F dans un projet h\u00f4telier \u00e0 Douala<\/a><\/strong><\/p>\n<p>L\u2019article <a rel=\"nofollow\" href=\"https:\/\/ecomatin.net\/la-bdeac-recherche-un-statut-t-dobservateurr-a-lunion-africaine\/\">La Bdeac recherche un statut d\u2019observateur \u00e0 l\u2019Union Africaine<\/a> est apparu en premier sur <a rel=\"nofollow\" href=\"https:\/\/ecomatin.net\/\">EcoMatin<\/a>.<\/p>\n<\/div>\n<p>Auteur: Amina MALLOUM<br \/>\n<a href=\"https:\/\/ecomatin.net\/la-bdeac-recherche-un-statut-t-dobservateurr-a-lunion-africaine\/\">Cliquez ici pour lire l&rsquo;article depuis sa source.<\/a><\/p>\n","protected":false},"excerpt":{"rendered":"<p>La Banque de D\u00e9veloppement des Etats de l\u2019Afrique Centrale (Bdeac) envisage passer \u00e0 une \u00e9tape sup\u00e9rieure. Le mardi 27 juillet 2021, dans le cadre du processus d\u2019accr\u00e9ditation de la Banque de D\u00e9veloppement des Etats de l\u2019Afrique Centrale (Bdeac), au sein de\u00a0\u00a0l\u2019Union Africaine, le Pr\u00e9sident de l\u2019institution financi\u00e8re, Fortunato-Ofa Mbo Nchama, a eu une s\u00e9ance de [&hellip;]<\/p>\n","protected":false},"author":1969,"featured_media":0,"comment_status":"closed","ping_status":"closed","sticky":false,"template":"","format":"standard","meta":{"fifu_image_url":"","fifu_image_alt":"","footnotes":""},"categories":[82,78],"tags":[],"class_list":["post-122991","post","type-post","status-publish","format-standard","hentry","category-cameroun","category-economie"],"_links":{"self":[{"href":"https:\/\/linitiative.ca\/International\/wp-json\/wp\/v2\/posts\/122991","targetHints":{"allow":["GET"]}}],"collection":[{"href":"https:\/\/linitiative.ca\/International\/wp-json\/wp\/v2\/posts"}],"about":[{"href":"https:\/\/linitiative.ca\/International\/wp-json\/wp\/v2\/types\/post"}],"author":[{"embeddable":true,"href":"https:\/\/linitiative.ca\/International\/wp-json\/wp\/v2\/users\/1969"}],"replies":[{"embeddable":true,"href":"https:\/\/linitiative.ca\/International\/wp-json\/wp\/v2\/comments?post=122991"}],"version-history":[{"count":0,"href":"https:\/\/linitiative.ca\/International\/wp-json\/wp\/v2\/posts\/122991\/revisions"}],"wp:attachment":[{"href":"https:\/\/linitiative.ca\/International\/wp-json\/wp\/v2\/media?parent=122991"}],"wp:term":[{"taxonomy":"category","embeddable":true,"href":"https:\/\/linitiative.ca\/International\/wp-json\/wp\/v2\/categories?post=122991"},{"taxonomy":"post_tag","embeddable":true,"href":"https:\/\/linitiative.ca\/International\/wp-json\/wp\/v2\/tags?post=122991"}],"curies":[{"name":"wp","href":"https:\/\/api.w.org\/{rel}","templated":true}]}}