{"id":122994,"date":"2021-08-02T08:00:50","date_gmt":"2021-08-02T12:00:50","guid":{"rendered":"https:\/\/linitiative.ca\/International\/abdellatif-saidi-lart-des-epopees-gagnait-en-linteret-dartistes-veterans\/"},"modified":"2021-08-02T08:00:50","modified_gmt":"2021-08-02T12:00:50","slug":"abdellatif-saidi-lart-des-epopees-gagnait-en-linteret-dartistes-veterans","status":"publish","type":"post","link":"https:\/\/linitiative.ca\/International\/abdellatif-saidi-lart-des-epopees-gagnait-en-linteret-dartistes-veterans\/","title":{"rendered":"Abdellatif Saidi : \u00abL\u2019art des \u00e9pop\u00e9es gagnait en l\u2019int\u00e9r\u00eat  d\u2019artistes v\u00e9t\u00e9rans\u00bb"},"content":{"rendered":"<div>\n<p><img decoding=\"async\" width=\"300\" height=\"153\" src=\"https:\/\/linitiative.ca\/International\/wp-content\/uploads\/sites\/23\/2021\/08\/Abdellatif-Saidi-300x153-1.jpg\" class=\"attachment-medium size-medium wp-post-image\" alt=\"\" loading=\"lazy\" srcset=\"\/\/aujourdhui.ma\/wp-content\/uploads\/2021\/08\/Abdellatif-Saidi-300x153.jpg 300w, \/\/aujourdhui.ma\/wp-content\/uploads\/2021\/08\/Abdellatif-Saidi-274x140.jpg 274w, \/\/aujourdhui.ma\/wp-content\/uploads\/2021\/08\/Abdellatif-Saidi.jpg 746w, \/\/aujourdhui.ma\/wp-content\/uploads\/2021\/08\/Abdellatif-Saidi-165x84.jpg 165w, \/\/aujourdhui.ma\/wp-content\/uploads\/2021\/08\/Abdellatif-Saidi-702x358.jpg 702w\" sizes=\"auto, (max-width: 300px) 100vw, 300px\"><\/p>\n<p><span style=\"font-size: 20px; color: #800000;\"><strong>Entretien avec Abdellatif Saidi, po\u00e8te, compositeur et cr\u00e9ateur d\u2019\u00e9pop\u00e9es marocain<\/strong><\/span><br \/>\n<span id=\"more-383114\"><\/span><\/p>\n<p><span style=\"color: #ff0000;\">D\u00e8s qu\u2019il arrive aux locaux d\u2019ALM, son aspect vestimentaire est assez attirant. Portant un turban garni de l\u2019\u00e9toile ch\u00e9rifienne, Abdellatif Saidi affiche ainsi son patriotisme. Un sentiment qu\u2019il exprime \u00e0 travers ses \u0153uvres notamment les \u00e9pop\u00e9es. Il en a d\u2019ailleurs pleins. L\u2019artiste, \u00e9galement pr\u00e9sident de l\u2019Association marocaine pour le soutien et la protection de l\u2019artiste, s\u2019exprime dans cet entretien sur son art, ses cr\u00e9ations ainsi que ses projets.<\/span><\/p>\n<p><strong>ALM : Vous venez de concevoir les paroles d\u2019un nouveau single en \u00e9gyptien. Pourriez-vous nous expliquer les raisons du choix du dialecte du pays des Pharaons?<\/strong><\/p>\n<p><strong>Abdellatif Saidi :<\/strong> C\u2019est parce que le dialecte \u00e9gyptien est, pour moi, plus facile que celui marocain. Je trouve que le premier penche davantage vers l\u2019arabe classique. C\u2019est comme une troisi\u00e8me langue, \u00e0 mon sens, qui est simple en paroles. Quant au nouveau single, il sera interpr\u00e9t\u00e9, en vid\u00e9oclip, par l\u2019artiste \u00e9gyptien, Mohamed Hammouda, \u00e0 l\u2019occasion des F\u00eates du Tr\u00f4ne et de la Jeunesse. Par l\u2019occasion, j\u2019ai d\u00e9j\u00e0 cr\u00e9\u00e9, du temps de feu Hassan II, une \u0153uvre interpr\u00e9t\u00e9e par le chanteur libanais Taoufik Taoufik qui n\u2019est autre que le fr\u00e8re de Walid Taoufik. Aussi, j\u2019ai plein de singles en langue arabe et en dialecte marocain.<\/p>\n<p><strong>Votre aspect vestimentaire, notamment le turban garni de l\u2019\u00e9toile ch\u00e9rifienne, est assez attirant. Pourquoi afficher votre patriotisme d\u2019une telle mani\u00e8re?<\/strong><\/p>\n<p>Je suis patriote jusqu\u2019\u00e0 la moelle et au-del\u00e0. Nous vivons dans ce pays et de ses biens. C\u2019est pourquoi j\u2019aime beaucoup mon cher pays. Je suis connu pour cela d\u2019ailleurs et pour mes \u0153uvres \u00e0 fort caract\u00e8re national.<\/p>\n<p><strong>Vous \u00eates \u00e9galement connu pour vos \u00e9pop\u00e9es. Pourquoi accordez-vous un grand int\u00e9r\u00eat \u00e0 cet art?<\/strong><\/p>\n<p>Je trouve que personne n\u2019est int\u00e9ress\u00e9. Par contre, je le suis pour ma part. D\u2019autant plus que cet un art qui gagnait en l\u2019int\u00e9r\u00eat d\u2019artistes v\u00e9t\u00e9rans. De leur c\u00f4t\u00e9, les m\u00e9dias audiovisuels ne s\u2019int\u00e9ressent pas aux \u00e9pop\u00e9es. Ils pr\u00e9f\u00e8rent plut\u00f4t le buzz. Cela a fait que certains chevronn\u00e9s, qui ont tant r\u00e9alis\u00e9 de grandes \u0153uvres, ne soient pas r\u00e9v\u00e9l\u00e9s. Quant \u00e0 moi, apr\u00e8s une carri\u00e8re de 40 ans et du haut de mes soixantaines, je continue \u00e0 donner encore et encore. Aussi, les \u00e9pop\u00e9es, y compris celles nationales, \u00e9taient faites dans la belle \u00e9poque de la chanson. Dans cette \u00e8re, les \u0153uvres prenaient une demi- heure et pourtant elles \u00e9taient diffus\u00e9es sur la t\u00e9l\u00e9vision. D\u2019autant plus que nos chansons marocaines sont toujours appr\u00e9ci\u00e9es puisqu\u2019elles sont interpr\u00e9t\u00e9es dans les grandes c\u00e9r\u00e9monies.<\/p>\n<p><strong>Et comment faire en sorte que les jeunes artistes s\u2019int\u00e9ressent \u00e0 cet art?<\/strong><\/p>\n<p>D\u00e9j\u00e0, Hatim Ammor, Fadoua El Malki, Rajae Ksabni et Samira Belhaj, ont chant\u00e9 mes \u0153uvres. Il est vrai qu\u2019il y en a ceux qui veulent se produire dans mes \u00e9pop\u00e9es, mais ce ne sont pas de vrais chanteurs. Ceux-ci pr\u00e9f\u00e8rent le buzz. Par exemple, Sa\u00e2d Lamjerred et Zouhir Bahaoui sont des artistes. Mais si un chanteur, qui a \u00e9volu\u00e9 sur YouTube, veut s\u2019afficher dans mes \u00e9pop\u00e9es, il faut qu\u2019il puisse chanter en live.<\/p>\n<p><strong>Auriez-vous d\u2019autres projets?<\/strong><\/p>\n<p>Je travaille sur des \u00e9pop\u00e9es. Elles s\u2019intitulent respectivement \u00abAlmalik wa cha\u00e2b\u00bb (le Roi et le peuple), \u00abAl Hokm Eddati\u00bb (L\u2019autonomie) que j\u2019ai d\u00e9j\u00e0 finie, \u00abAoulad El Amm\u00bb (Les cousins), qui parle des relations entre les Marocains et les juifs, et \u00abAssalam\u00bb (La paix). Cette derni\u00e8re sera con\u00e7ue en collaboration avec les Nations Unies. En tout, j\u2019ai bien d\u2019autres \u00e9pop\u00e9es \u00e0 l\u2019instar de \u00abAbtal Elwatan\u00bb (Les h\u00e9ros de la patrie) marqu\u00e9e par la participation de la jeune artiste Oumaima Benzouin, connue pour la princesse des enfants. Avec cette artiste, j\u2019ai \u00e9galement un autre single intitul\u00e9e \u00abMalik El Maarouf\u00bb (Le Roi g\u00e9n\u00e9reux). Elle l\u2019interpr\u00e8tera, aux rythmes de ma composition et mes paroles, avec la chorale \u00abAtfalouna Hadaratouna\u00bb (Nos enfants, notre civilisation) sur une production de Ayoub Tourabi. \u00abMalik El Maarouf\u00bb est aussi une d\u00e9dicace au Souverain et au peuple \u00e0 l\u2019occasion des F\u00eates du Tr\u00f4ne et de la Jeunesse. Des \u00e9pop\u00e9es, j\u2019en ai plein d\u2019ailleurs comme \u00abSidna, une ligne rouge\u00bb et bien d\u2019autres. Je suis d\u2019ailleurs connu pour cela.<\/p>\n<div class=\"base-box mom_box_sc_custom mom_box_sc clear\" style=\"-moz-border-radius: 5px; border-radius: 5px;background-color:#fddeef;\">\n<p><span style=\"font-size: 20px; color: #ff0000;\"><strong>Pourriez-vous nous rappeler vos \u00e9pop\u00e9es ?<\/strong><\/span><\/p>\n<p>Ma premi\u00e8re \u0153uvre, dans ce sens, a \u00e9t\u00e9 d\u00e9di\u00e9e en 2002 au t\u00e9l\u00e9thon sur 2M. Elle a \u00e9t\u00e9 marqu\u00e9e par la participation d\u2019environ plus d\u2019une centaine d\u2019artistes dont feue Hajja Hamdaouia et El Bachir Abdou. Apr\u00e8s quoi, j\u2019ai con\u00e7u l\u2019\u00e9pop\u00e9e \u00abAddourra\u00bb pour la Palestine avec la participation de plus de 160 artistes notamment les v\u00e9t\u00e9rans Habiba Medkouri et Tayeb L\u00e2alej. Aussi, l\u2019\u00e9pop\u00e9e \u00abAssaratane\u00bb (Le cancer) a connu la participation de Hayat El Idrissi, Asmae Lamnawer, Fadoua El Malki, Mohamed Hassan El Joundi, Hassan Sqalli, Sa\u00efd Chraibi, Abderrahim Bargach et Nadia Ayoub entre autres. De plus, \u00abGaza tahta ennar (sous le couvre-feu)\u00bb a rassembl\u00e9 180 artistes comme Nezha Cha\u00e2baoui, Abdellah Daoudi, Rachid Batma, Omar Essayed, Hatim Ammor et Asmae Lamnawer. A son tour, l\u2019artiste Taher Jimmi, entres autres, a particip\u00e9 dans l\u2019une de mes \u0153uvres.<\/p>\n<\/div>\n<p>\u00a0<\/p>\n<\/div>\n<p>Auteur: Salima Guisser<br \/>\n<a href=\"https:\/\/aujourdhui.ma\/culture\/abdellatif-saidi-lart-des-epopees-gagnait-en-linteret-dartistes-veterans\">Cliquez ici pour lire l&rsquo;article depuis sa source.<\/a><\/p>\n","protected":false},"excerpt":{"rendered":"<p>Entretien avec Abdellatif Saidi, po\u00e8te, compositeur et cr\u00e9ateur d\u2019\u00e9pop\u00e9es marocain D\u00e8s qu\u2019il arrive aux locaux d\u2019ALM, son aspect vestimentaire est assez attirant. Portant un turban garni de l\u2019\u00e9toile ch\u00e9rifienne, Abdellatif Saidi affiche ainsi son patriotisme. Un sentiment qu\u2019il exprime \u00e0 travers ses \u0153uvres notamment les \u00e9pop\u00e9es. Il en a d\u2019ailleurs pleins. L\u2019artiste, \u00e9galement pr\u00e9sident de [&hellip;]<\/p>\n","protected":false},"author":1759,"featured_media":0,"comment_status":"closed","ping_status":"closed","sticky":false,"template":"","format":"standard","meta":{"fifu_image_url":"https:\/\/aujourdhui.ma\/wp-content\/uploads\/2021\/08\/Abdellatif-Saidi-300x153.jpg","fifu_image_alt":"Abdellatif Saidi : \u00abL\u2019art des \u00e9pop\u00e9es gagnait en l\u2019int\u00e9r\u00eat  d\u2019artistes v\u00e9t\u00e9rans\u00bb","footnotes":""},"categories":[73,54],"tags":[],"class_list":["post-122994","post","type-post","status-publish","format-standard","hentry","category-actualite","category-maroc"],"_links":{"self":[{"href":"https:\/\/linitiative.ca\/International\/wp-json\/wp\/v2\/posts\/122994","targetHints":{"allow":["GET"]}}],"collection":[{"href":"https:\/\/linitiative.ca\/International\/wp-json\/wp\/v2\/posts"}],"about":[{"href":"https:\/\/linitiative.ca\/International\/wp-json\/wp\/v2\/types\/post"}],"author":[{"embeddable":true,"href":"https:\/\/linitiative.ca\/International\/wp-json\/wp\/v2\/users\/1759"}],"replies":[{"embeddable":true,"href":"https:\/\/linitiative.ca\/International\/wp-json\/wp\/v2\/comments?post=122994"}],"version-history":[{"count":0,"href":"https:\/\/linitiative.ca\/International\/wp-json\/wp\/v2\/posts\/122994\/revisions"}],"wp:attachment":[{"href":"https:\/\/linitiative.ca\/International\/wp-json\/wp\/v2\/media?parent=122994"}],"wp:term":[{"taxonomy":"category","embeddable":true,"href":"https:\/\/linitiative.ca\/International\/wp-json\/wp\/v2\/categories?post=122994"},{"taxonomy":"post_tag","embeddable":true,"href":"https:\/\/linitiative.ca\/International\/wp-json\/wp\/v2\/tags?post=122994"}],"curies":[{"name":"wp","href":"https:\/\/api.w.org\/{rel}","templated":true}]}}