{"id":122998,"date":"2021-08-02T09:02:10","date_gmt":"2021-08-02T13:02:10","guid":{"rendered":"https:\/\/linitiative.ca\/International\/jo-2020-soufiane-el-bakkali-remporte-la-medaille-dor-du-3-000-m-steeple\/"},"modified":"2021-08-02T09:02:10","modified_gmt":"2021-08-02T13:02:10","slug":"jo-2020-soufiane-el-bakkali-remporte-la-medaille-dor-du-3-000-m-steeple","status":"publish","type":"post","link":"https:\/\/linitiative.ca\/International\/jo-2020-soufiane-el-bakkali-remporte-la-medaille-dor-du-3-000-m-steeple\/","title":{"rendered":"JO-2020 : Soufiane El Bakkali remporte la m\u00e9daille d\u2019or du 3.000 m steeple"},"content":{"rendered":"<div>\n<p><img decoding=\"async\" width=\"300\" height=\"153\" src=\"https:\/\/linitiative.ca\/International\/wp-content\/uploads\/sites\/23\/2021\/08\/Bakali-Jo-Tokyo-300x153-1.jpg\" class=\"attachment-medium size-medium wp-post-image\" alt=\"\" loading=\"lazy\" srcset=\"\/\/aujourdhui.ma\/wp-content\/uploads\/2021\/08\/Bakali-Jo-Tokyo-300x153.jpg 300w, \/\/aujourdhui.ma\/wp-content\/uploads\/2021\/08\/Bakali-Jo-Tokyo-274x140.jpg 274w, \/\/aujourdhui.ma\/wp-content\/uploads\/2021\/08\/Bakali-Jo-Tokyo.jpg 746w, \/\/aujourdhui.ma\/wp-content\/uploads\/2021\/08\/Bakali-Jo-Tokyo-165x84.jpg 165w, \/\/aujourdhui.ma\/wp-content\/uploads\/2021\/08\/Bakali-Jo-Tokyo-702x358.jpg 702w\" sizes=\"auto, (max-width: 300px) 100vw, 300px\"><\/p>\n<p><span style=\"font-size: 20px; color: #800000;\"><strong>L\u2019athl\u00e8te marocain, Soufiane El Bakkali a remport\u00e9 lundi la m\u00e9daille d\u2019or du 3.000 m steeple lors des Jeux Olympiques de Tokyo.<\/strong><\/span><span id=\"more-383136\"><\/span><\/p>\n<p>El Bakkali s\u2019est impos\u00e9 en 8min 8s 90\/100 devant l\u2019\u00c9thiopien Lamecha Girma (8min 10s 38\/100) et le K\u00e9nyan Benjamin Kigen (8min 11s 45\/100).<\/p>\n<p>L\u2019autre athl\u00e8te marocain, Mohamed Tindouft s\u2019est class\u00e9 13 \u00e8me avec un chrono de 8min 23s 56\/100.<\/p>\n<\/div>\n<p>Auteur: ALM<br \/>\n<a href=\"https:\/\/aujourdhui.ma\/une\/jo-2020-soufiane-el-bakkali-remporte-la-medaille-dor-du-3-000-m-steeple\">Cliquez ici pour lire l&rsquo;article depuis sa source.<\/a><\/p>\n","protected":false},"excerpt":{"rendered":"<p>L\u2019athl\u00e8te marocain, Soufiane El Bakkali a remport\u00e9 lundi la m\u00e9daille d\u2019or du 3.000 m steeple lors des Jeux Olympiques de Tokyo. El Bakkali s\u2019est impos\u00e9 en 8min 8s 90\/100 devant l\u2019\u00c9thiopien Lamecha Girma (8min 10s 38\/100) et le K\u00e9nyan Benjamin Kigen (8min 11s 45\/100). L\u2019autre athl\u00e8te marocain, Mohamed Tindouft s\u2019est class\u00e9 13 \u00e8me avec un [&hellip;]<\/p>\n","protected":false},"author":1759,"featured_media":0,"comment_status":"closed","ping_status":"closed","sticky":false,"template":"","format":"standard","meta":{"fifu_image_url":"https:\/\/aujourdhui.ma\/wp-content\/uploads\/2021\/08\/Bakali-Jo-Tokyo-300x153.jpg","fifu_image_alt":"JO-2020 : Soufiane El Bakkali remporte la m\u00e9daille d\u2019or du 3.000 m steeple","footnotes":""},"categories":[73,54],"tags":[],"class_list":["post-122998","post","type-post","status-publish","format-standard","hentry","category-actualite","category-maroc"],"_links":{"self":[{"href":"https:\/\/linitiative.ca\/International\/wp-json\/wp\/v2\/posts\/122998","targetHints":{"allow":["GET"]}}],"collection":[{"href":"https:\/\/linitiative.ca\/International\/wp-json\/wp\/v2\/posts"}],"about":[{"href":"https:\/\/linitiative.ca\/International\/wp-json\/wp\/v2\/types\/post"}],"author":[{"embeddable":true,"href":"https:\/\/linitiative.ca\/International\/wp-json\/wp\/v2\/users\/1759"}],"replies":[{"embeddable":true,"href":"https:\/\/linitiative.ca\/International\/wp-json\/wp\/v2\/comments?post=122998"}],"version-history":[{"count":0,"href":"https:\/\/linitiative.ca\/International\/wp-json\/wp\/v2\/posts\/122998\/revisions"}],"wp:attachment":[{"href":"https:\/\/linitiative.ca\/International\/wp-json\/wp\/v2\/media?parent=122998"}],"wp:term":[{"taxonomy":"category","embeddable":true,"href":"https:\/\/linitiative.ca\/International\/wp-json\/wp\/v2\/categories?post=122998"},{"taxonomy":"post_tag","embeddable":true,"href":"https:\/\/linitiative.ca\/International\/wp-json\/wp\/v2\/tags?post=122998"}],"curies":[{"name":"wp","href":"https:\/\/api.w.org\/{rel}","templated":true}]}}