{"id":123011,"date":"2021-08-02T07:00:00","date_gmt":"2021-08-02T11:00:00","guid":{"rendered":"https:\/\/linitiative.ca\/International\/37-deces-et-1-172-nouveaux-cas\/"},"modified":"2021-08-02T07:00:00","modified_gmt":"2021-08-02T11:00:00","slug":"37-deces-et-1-172-nouveaux-cas","status":"publish","type":"post","link":"https:\/\/linitiative.ca\/International\/37-deces-et-1-172-nouveaux-cas\/","title":{"rendered":"37 d\u00e9c\u00e8s et 1 172 nouveaux cas"},"content":{"rendered":"<div>Mille cent soixante-douze nouveaux cas confirm\u00e9s de coronavirus, 733 gu\u00e9risons et 37 d\u00e9c\u00e8s ont \u00e9t\u00e9 enregistr\u00e9s ces derni\u00e8res 24 heures en Alg\u00e9rie, a annonc\u00e9 hier, le minist\u00e8re de la Sant\u00e9.<\/div>\n<p>Auteur:<br \/>\n<a href=\"https:\/\/www.liberte-algerie.com\/actualite\/37-deces-et-1-172-nouveaux-cas-362753\">Cliquez ici pour lire l&rsquo;article depuis sa source.<\/a><\/p>\n","protected":false},"excerpt":{"rendered":"<p>Mille cent soixante-douze nouveaux cas confirm\u00e9s de coronavirus, 733 gu\u00e9risons et 37 d\u00e9c\u00e8s ont \u00e9t\u00e9 enregistr\u00e9s ces derni\u00e8res 24 heures en Alg\u00e9rie, a annonc\u00e9 hier, le minist\u00e8re de la Sant\u00e9. Auteur: Cliquez ici pour lire l&rsquo;article depuis sa source.<\/p>\n","protected":false},"author":1742,"featured_media":0,"comment_status":"closed","ping_status":"closed","sticky":false,"template":"","format":"standard","meta":{"fifu_image_url":"","fifu_image_alt":"","footnotes":""},"categories":[73,53],"tags":[],"class_list":["post-123011","post","type-post","status-publish","format-standard","hentry","category-actualite","category-algerie"],"_links":{"self":[{"href":"https:\/\/linitiative.ca\/International\/wp-json\/wp\/v2\/posts\/123011","targetHints":{"allow":["GET"]}}],"collection":[{"href":"https:\/\/linitiative.ca\/International\/wp-json\/wp\/v2\/posts"}],"about":[{"href":"https:\/\/linitiative.ca\/International\/wp-json\/wp\/v2\/types\/post"}],"author":[{"embeddable":true,"href":"https:\/\/linitiative.ca\/International\/wp-json\/wp\/v2\/users\/1742"}],"replies":[{"embeddable":true,"href":"https:\/\/linitiative.ca\/International\/wp-json\/wp\/v2\/comments?post=123011"}],"version-history":[{"count":0,"href":"https:\/\/linitiative.ca\/International\/wp-json\/wp\/v2\/posts\/123011\/revisions"}],"wp:attachment":[{"href":"https:\/\/linitiative.ca\/International\/wp-json\/wp\/v2\/media?parent=123011"}],"wp:term":[{"taxonomy":"category","embeddable":true,"href":"https:\/\/linitiative.ca\/International\/wp-json\/wp\/v2\/categories?post=123011"},{"taxonomy":"post_tag","embeddable":true,"href":"https:\/\/linitiative.ca\/International\/wp-json\/wp\/v2\/tags?post=123011"}],"curies":[{"name":"wp","href":"https:\/\/api.w.org\/{rel}","templated":true}]}}