{"id":123018,"date":"2021-08-02T07:02:09","date_gmt":"2021-08-02T11:02:09","guid":{"rendered":"https:\/\/linitiative.ca\/International\/previsions-meteorologiques-pour-la-journee-du-lundi-02-aout-2021\/"},"modified":"2021-08-02T07:02:09","modified_gmt":"2021-08-02T11:02:09","slug":"previsions-meteorologiques-pour-la-journee-du-lundi-02-aout-2021","status":"publish","type":"post","link":"https:\/\/linitiative.ca\/International\/previsions-meteorologiques-pour-la-journee-du-lundi-02-aout-2021\/","title":{"rendered":"Pr\u00e9visions m\u00e9t\u00e9orologiques pour la journ\u00e9e du lundi 02 ao\u00fbt 2021"},"content":{"rendered":"<div>\n<div style=\"margin-bottom:20px;\"><img loading=\"lazy\" decoding=\"async\" width=\"750\" height=\"430\" src=\"https:\/\/linitiative.ca\/International\/wp-content\/uploads\/sites\/23\/2021\/08\/soleil-1.jpg\" class=\"attachment-post-thumbnail size-post-thumbnail wp-post-image\" alt=\"\" srcset=\"https:\/\/linitiative.ca\/International\/wp-content\/uploads\/sites\/23\/2021\/08\/soleil-1.jpg 750w, http:\/\/www.mapmarrakech.ma\/map\/uploads\/2021\/08\/soleil-1-300x172.jpg 300w\" sizes=\"auto, (max-width: 750px) 100vw, 750px\"><\/div>\n<p>-Temps assez chaud sur le Sud-Est et l\u2019Est des provinces Sahariennes.<\/p>\n<p>-Nuages bas et formations brumeuses la matin\u00e9e et la nuit pr\u00e8s des c\u00f4tes atlantiques.<\/p>\n<p>-Temps stable avec ciel clair \u00e0 peu nuageux partout.<\/p>\n<p>-Rafales de vent mod\u00e9r\u00e9es \u00e0 assez fortes sur les c\u00f4tes Centre et Sud, le Sud-Est et l\u2019Oriental.<\/p>\n<p>-Chasse-sables par endroits sur l\u2019int\u00e9rieur des provinces Sud et le Sud-Est.<\/p>\n<p>-Temp\u00e9ratures minimales de l\u2019ordre de 24\/30\u00b0C sur le Sud-Est et l\u2019Est des provinces Sahariennes, 19\/24\u00b0C sur l\u2019Oriental et de 16\/23\u00b0C ailleurs.<\/p>\n<p>-Temp\u00e9ratures maximales de l\u2019ordre de 38\/44\u00b0C sur l\u2019Est des provinces Sahariennes et le Sud-Est, de 30\/36\u00b0C sur les plaines Nord et Centre et de 23\/30\u00b0C sur les reliefs pr\u00e8s des c\u00f4tes.<\/p>\n<p>-Mer belle \u00e0 peu agit\u00e9e sur la m\u00e9diterran\u00e9e, belle \u00e0 peu agit\u00e9e sur le D\u00e9troit, peu agit\u00e9e \u00e0 agit\u00e9e au nord de Caphadid et agit\u00e9e \u00e0 forte ailleurs.<\/p>\n<p>The post <a rel=\"nofollow\" href=\"http:\/\/www.mapmarrakech.ma\/fr\/previsions-meteorologiques-pour-la-journee-du-lundi-02-aout-2021\/\">Pr\u00e9visions m\u00e9t\u00e9orologiques pour la journ\u00e9e du lundi 02 ao\u00fbt 2021<\/a> appeared first on <a rel=\"nofollow\" href=\"http:\/\/www.mapmarrakech.ma\/fr\">MapMarrakech<\/a>.<\/p>\n<\/div>\n<p>Auteur: Meriem IGASS<br \/>\n<a href=\"http:\/\/www.mapmarrakech.ma\/fr\/previsions-meteorologiques-pour-la-journee-du-lundi-02-aout-2021\/\">Cliquez ici pour lire l&rsquo;article depuis sa source.<\/a><\/p>\n","protected":false},"excerpt":{"rendered":"<p>-Temps assez chaud sur le Sud-Est et l\u2019Est des provinces Sahariennes. -Nuages bas et formations brumeuses la matin\u00e9e et la nuit pr\u00e8s des c\u00f4tes atlantiques. -Temps stable avec ciel clair \u00e0 peu nuageux partout. -Rafales de vent mod\u00e9r\u00e9es \u00e0 assez fortes sur les c\u00f4tes Centre et Sud, le Sud-Est et l\u2019Oriental. -Chasse-sables par endroits sur [&hellip;]<\/p>\n","protected":false},"author":1788,"featured_media":0,"comment_status":"closed","ping_status":"closed","sticky":false,"template":"","format":"standard","meta":{"fifu_image_url":"http:\/\/www.mapmarrakech.ma\/map\/uploads\/2021\/08\/soleil-1.jpg","fifu_image_alt":"Pr\u00e9visions m\u00e9t\u00e9orologiques pour la journ\u00e9e du lundi 02 ao\u00fbt 2021","footnotes":""},"categories":[54,76],"tags":[],"class_list":["post-123018","post","type-post","status-publish","format-standard","hentry","category-maroc","category-regions"],"_links":{"self":[{"href":"https:\/\/linitiative.ca\/International\/wp-json\/wp\/v2\/posts\/123018","targetHints":{"allow":["GET"]}}],"collection":[{"href":"https:\/\/linitiative.ca\/International\/wp-json\/wp\/v2\/posts"}],"about":[{"href":"https:\/\/linitiative.ca\/International\/wp-json\/wp\/v2\/types\/post"}],"author":[{"embeddable":true,"href":"https:\/\/linitiative.ca\/International\/wp-json\/wp\/v2\/users\/1788"}],"replies":[{"embeddable":true,"href":"https:\/\/linitiative.ca\/International\/wp-json\/wp\/v2\/comments?post=123018"}],"version-history":[{"count":0,"href":"https:\/\/linitiative.ca\/International\/wp-json\/wp\/v2\/posts\/123018\/revisions"}],"wp:attachment":[{"href":"https:\/\/linitiative.ca\/International\/wp-json\/wp\/v2\/media?parent=123018"}],"wp:term":[{"taxonomy":"category","embeddable":true,"href":"https:\/\/linitiative.ca\/International\/wp-json\/wp\/v2\/categories?post=123018"},{"taxonomy":"post_tag","embeddable":true,"href":"https:\/\/linitiative.ca\/International\/wp-json\/wp\/v2\/tags?post=123018"}],"curies":[{"name":"wp","href":"https:\/\/api.w.org\/{rel}","templated":true}]}}