{"id":123022,"date":"2021-08-02T08:43:40","date_gmt":"2021-08-02T12:43:40","guid":{"rendered":"https:\/\/linitiative.ca\/International\/maroc-algerie-loam-se-felicite-de-lappel-royal\/"},"modified":"2021-08-02T08:43:40","modified_gmt":"2021-08-02T12:43:40","slug":"maroc-algerie-loam-se-felicite-de-lappel-royal","status":"publish","type":"post","link":"https:\/\/linitiative.ca\/International\/maroc-algerie-loam-se-felicite-de-lappel-royal\/","title":{"rendered":"Maroc-Alg\u00e9rie: L\u2019OAM se f\u00e9licite de l\u2019appel Royal"},"content":{"rendered":"<div>\n<div style=\"margin-bottom:20px;\"><img loading=\"lazy\" decoding=\"async\" width=\"750\" height=\"430\" src=\"https:\/\/linitiative.ca\/International\/wp-content\/uploads\/sites\/23\/2021\/08\/Driss-lagrini-map-copier.jpg\" class=\"attachment-post-thumbnail size-post-thumbnail wp-post-image\" alt=\"\" srcset=\"https:\/\/linitiative.ca\/International\/wp-content\/uploads\/sites\/23\/2021\/08\/Driss-lagrini-map-copier.jpg 750w, http:\/\/www.mapmarrakech.ma\/map\/uploads\/2021\/08\/Driss-lagrini-map-copier-300x172.jpg 300w\" sizes=\"auto, (max-width: 750px) 100vw, 750px\"><\/div>\n<p>\u00ab\u00a0L\u2019OAM se f\u00e9licite de cet appel Royal \u00e0 faire pr\u00e9valoir la sagesse et les int\u00e9r\u00eats sup\u00e9rieurs des deux pays afin de d\u00e9passer cette situation d\u00e9plorable qui g\u00e2che les potentialit\u00e9s des deux pays et qui est en nette contradiction avec les liens historiques et civilisationnels profonds liant les deux peuples fr\u00e8res\u00a0\u00bb, a soulign\u00e9 l\u2019organisation dans un communiqu\u00e9 publi\u00e9 lundi.<\/p>\n<p>Dans ce contexte, l\u2019OAM r\u00e9affirme encore une fois que le renforcement des relations \u00e9conomiques et le r\u00e9seautage des int\u00e9r\u00eats et l\u2019adoption de l\u2019approche de dialogue et de communication dans le traitement des diff\u00e9rents dossiers objet de divergences, restent le meilleur moyen pour r\u00e9soudre les probl\u00e8mes existant entre les deux pays voisins.<\/p>\n<p>L\u2019OAM consid\u00e8re le renforcement des relations entre le Maroc et l\u2019Alg\u00e9rie comme le pr\u00e9lude pour surmonter la situation de l\u00e9thargie qui caract\u00e9rise l\u2019action de l\u2019Union du Maghreb et pour mettre en \u0153uvre les m\u00e9canismes d\u2019action au sein de l\u2019Union afin de relever les grands d\u00e9fis.<\/p>\n<p>Par ailleurs, elle appelle les pays maghr\u00e9bins \u00e0 tirer les enseignements et le\u00e7ons des r\u00e9percussions de la pand\u00e9mie du nouveau coronavirus (Covid-19) et \u00e0 acc\u00e9l\u00e9rer l\u2019instauration des m\u00e9canismes de coop\u00e9ration et de solidarit\u00e9 pour faire face aux impacts n\u00e9gatifs et transformer les crises r\u00e9sultant de cette pand\u00e9mie en opportunit\u00e9s \u00e0 travers la coordination des efforts m\u00e9dicaux, scientifiques et acad\u00e9miques, et la cr\u00e9ation d\u2019un syst\u00e8me commun pour le suivi et l\u2019accompagnement des crises et catastrophes.<\/p>\n<p>L\u2019organisation appelle les diff\u00e9rents acteurs \u00e9conomiques, civils, acad\u00e9miques, professionnels et m\u00e9diatiques des pays du Maghreb \u00e0 l\u2019adh\u00e9sion dans le renforcement de la coop\u00e9ration et de la communication entre les peuples de la r\u00e9gion et de favoriser le climat propice au rapprochement entre les pays maghr\u00e9bins.<\/p>\n<p>L\u2019OAM est une association qui \u0153uvre pour la r\u00e9ouverture des fronti\u00e8res maroco-alg\u00e9riennes, pour un parlement maghr\u00e9bin avec des pouvoirs \u00e9largis, un march\u00e9 commun et une monnaie maghr\u00e9bine unique et la mise en \u0153uvre des conventions conclues entre les pays maghr\u00e9bins.<\/p>\n<p>The post <a rel=\"nofollow\" href=\"http:\/\/www.mapmarrakech.ma\/fr\/loam-se-felicite-de-lappel-royal-en-faveur-des-relations-maroco-algeriennes\/\">Maroc-Alg\u00e9rie: L\u2019OAM se f\u00e9licite de l\u2019appel Royal<\/a> appeared first on <a rel=\"nofollow\" href=\"http:\/\/www.mapmarrakech.ma\/fr\">MapMarrakech<\/a>.<\/p>\n<\/div>\n<p>Auteur: Meriem IGASS<br \/>\n<a href=\"http:\/\/www.mapmarrakech.ma\/fr\/loam-se-felicite-de-lappel-royal-en-faveur-des-relations-maroco-algeriennes\/\">Cliquez ici pour lire l&rsquo;article depuis sa source.<\/a><\/p>\n","protected":false},"excerpt":{"rendered":"<p>\u00ab\u00a0L\u2019OAM se f\u00e9licite de cet appel Royal \u00e0 faire pr\u00e9valoir la sagesse et les int\u00e9r\u00eats sup\u00e9rieurs des deux pays afin de d\u00e9passer cette situation d\u00e9plorable qui g\u00e2che les potentialit\u00e9s des deux pays et qui est en nette contradiction avec les liens historiques et civilisationnels profonds liant les deux peuples fr\u00e8res\u00a0\u00bb, a soulign\u00e9 l\u2019organisation dans un [&hellip;]<\/p>\n","protected":false},"author":1788,"featured_media":0,"comment_status":"closed","ping_status":"closed","sticky":false,"template":"","format":"standard","meta":{"fifu_image_url":"http:\/\/www.mapmarrakech.ma\/map\/uploads\/2021\/08\/Driss-lagrini-map-copier.jpg","fifu_image_alt":"Maroc-Alg\u00e9rie: L\u2019OAM se f\u00e9licite de l\u2019appel Royal","footnotes":""},"categories":[54,76],"tags":[],"class_list":["post-123022","post","type-post","status-publish","format-standard","hentry","category-maroc","category-regions"],"_links":{"self":[{"href":"https:\/\/linitiative.ca\/International\/wp-json\/wp\/v2\/posts\/123022","targetHints":{"allow":["GET"]}}],"collection":[{"href":"https:\/\/linitiative.ca\/International\/wp-json\/wp\/v2\/posts"}],"about":[{"href":"https:\/\/linitiative.ca\/International\/wp-json\/wp\/v2\/types\/post"}],"author":[{"embeddable":true,"href":"https:\/\/linitiative.ca\/International\/wp-json\/wp\/v2\/users\/1788"}],"replies":[{"embeddable":true,"href":"https:\/\/linitiative.ca\/International\/wp-json\/wp\/v2\/comments?post=123022"}],"version-history":[{"count":0,"href":"https:\/\/linitiative.ca\/International\/wp-json\/wp\/v2\/posts\/123022\/revisions"}],"wp:attachment":[{"href":"https:\/\/linitiative.ca\/International\/wp-json\/wp\/v2\/media?parent=123022"}],"wp:term":[{"taxonomy":"category","embeddable":true,"href":"https:\/\/linitiative.ca\/International\/wp-json\/wp\/v2\/categories?post=123022"},{"taxonomy":"post_tag","embeddable":true,"href":"https:\/\/linitiative.ca\/International\/wp-json\/wp\/v2\/tags?post=123022"}],"curies":[{"name":"wp","href":"https:\/\/api.w.org\/{rel}","templated":true}]}}