{"id":123024,"date":"2021-08-02T13:11:47","date_gmt":"2021-08-02T17:11:47","guid":{"rendered":"https:\/\/linitiative.ca\/International\/entrepreneuriat-427-personnes-accompagnees-et-117-projets\/"},"modified":"2021-08-02T13:11:47","modified_gmt":"2021-08-02T17:11:47","slug":"entrepreneuriat-427-personnes-accompagnees-et-117-projets","status":"publish","type":"post","link":"https:\/\/linitiative.ca\/International\/entrepreneuriat-427-personnes-accompagnees-et-117-projets\/","title":{"rendered":"Entrepreneuriat: 427 personnes accompagn\u00e9es et 117 projets"},"content":{"rendered":"<div>\n<div style=\"margin-bottom:20px;\"><img loading=\"lazy\" decoding=\"async\" width=\"750\" height=\"430\" src=\"https:\/\/linitiative.ca\/International\/wp-content\/uploads\/sites\/23\/2021\/08\/caravane-copier-.jpg\" class=\"attachment-post-thumbnail size-post-thumbnail wp-post-image\" alt=\"\" srcset=\"https:\/\/linitiative.ca\/International\/wp-content\/uploads\/sites\/23\/2021\/08\/caravane-copier-.jpg 750w, http:\/\/www.mapmarrakech.ma\/map\/uploads\/2021\/08\/caravane-copier--300x172.jpg 300w\" sizes=\"auto, (max-width: 750px) 100vw, 750px\"><\/div>\n<p>Lors de cette initiative socio\u00e9conomique, les jeunes porteurs de projets ont aussi b\u00e9n\u00e9fici\u00e9 de 62 ateliers dans le but de renforcer leurs capacit\u00e9s en termes d\u2019acc\u00e8s au march\u00e9 de l\u2019emploi et de la cr\u00e9ation d\u2019entreprises.<\/p>\n<p>Cette caravane a aussi permis la finalisation jusqu\u2019\u00e0 aujourd\u2019hui de 125 business plans, indique le CRI Marrakech-Safi.<\/p>\n<p>En raison de la recrudescence des cas de la Covid-19 au niveau national, les \u00e9tapes de Marrakech et d\u2019Al-Haouz de cette caravane ont \u00e9t\u00e9 report\u00e9es \u00e0 une date ult\u00e9rieure.<\/p>\n<p>Organis\u00e9e en partenariat avec la Wilaya de Marrakech-Safi, la Pr\u00e9fecture de Marrakech, les provinces, les autorit\u00e9s locales, la Caisse Centrale de Garantie (CCG), l\u2019Agence Nationale de Promotion de l\u2019Emploi et des Comp\u00e9tences (ANAPEC) et les banques partenaires, cette caravane a pour objectif d\u2019aller au plus pr\u00e8s des communaut\u00e9s issues notamment du monde rural pour les sensibiliser sur l\u2019offre et les opportunit\u00e9s d\u2019entrepreneuriat disponibles au niveau de la r\u00e9gion.<\/p>\n<p>Cette initiative socio\u00e9conomique pr\u00e9voit de sillonner quelque 24 communes relevant de la pr\u00e9fecture de Marrakech et des 7 provinces de la r\u00e9gion Marrakech-Safi, \u00e0 savoir Youssoufia, Safi, Essaouira, Chichaoua, Al Haouz, El Kela\u00e2 des Sraghna et Rhamna.<\/p>\n<p>L\u2019objectif de cette caravane est d\u2019encourager la d\u00e9marche entrepreneuriale et de pr\u00e9senter les diff\u00e9rentes offres de financement, ainsi que les multiples programmes d\u2019accompagnement disponibles.<\/p>\n<p>Cette caravane s\u2019inscrit dans le cadre de la strat\u00e9gie nationale de la relance de l\u2019investissement et de soutien aux entreprises marocaines, ainsi que de la mise en \u0153uvre du partenariat unissant la wilaya de la r\u00e9gion, le CRI et l\u2019ANAPEC entre autres.<\/p>\n<p>Il s\u2019agit aussi de sensibiliser et de communiquer directement avec les jeunes et les femmes porteurs d\u2019id\u00e9es, issus du monde rural, lequel est dot\u00e9 d\u2019\u00e9normes potentialit\u00e9s et de comp\u00e9tences humaines cr\u00e9atives et innovantes.<\/p>\n<p>Cette caravane, qui sera organis\u00e9e de fa\u00e7on r\u00e9guli\u00e8re, a pr\u00e9vu plusieurs activit\u00e9s et ateliers ciblant plusieurs cat\u00e9gories de jeunes, et ce dans le but de renforcer leurs capacit\u00e9s en termes d\u2019acc\u00e8s au march\u00e9 de l\u2019emploi et de la cr\u00e9ation d\u2019entreprises.<\/p>\n<p>The post <a rel=\"nofollow\" href=\"http:\/\/www.mapmarrakech.ma\/fr\/entrepreneuriat-427-personnes-accompagnees-et-117-projets\/\">Entrepreneuriat: 427 personnes accompagn\u00e9es et 117 projets<\/a> appeared first on <a rel=\"nofollow\" href=\"http:\/\/www.mapmarrakech.ma\/fr\">MapMarrakech<\/a>.<\/p>\n<\/div>\n<p>Auteur: Meriem IGASS<br \/>\n<a href=\"http:\/\/www.mapmarrakech.ma\/fr\/entrepreneuriat-427-personnes-accompagnees-et-117-projets\/\">Cliquez ici pour lire l&rsquo;article depuis sa source.<\/a><\/p>\n","protected":false},"excerpt":{"rendered":"<p>Lors de cette initiative socio\u00e9conomique, les jeunes porteurs de projets ont aussi b\u00e9n\u00e9fici\u00e9 de 62 ateliers dans le but de renforcer leurs capacit\u00e9s en termes d\u2019acc\u00e8s au march\u00e9 de l\u2019emploi et de la cr\u00e9ation d\u2019entreprises. Cette caravane a aussi permis la finalisation jusqu\u2019\u00e0 aujourd\u2019hui de 125 business plans, indique le CRI Marrakech-Safi. En raison de [&hellip;]<\/p>\n","protected":false},"author":1788,"featured_media":0,"comment_status":"closed","ping_status":"closed","sticky":false,"template":"","format":"standard","meta":{"fifu_image_url":"http:\/\/www.mapmarrakech.ma\/map\/uploads\/2021\/08\/caravane-copier-.jpg","fifu_image_alt":"Entrepreneuriat: 427 personnes accompagn\u00e9es et 117 projets","footnotes":""},"categories":[54,76],"tags":[],"class_list":["post-123024","post","type-post","status-publish","format-standard","hentry","category-maroc","category-regions"],"_links":{"self":[{"href":"https:\/\/linitiative.ca\/International\/wp-json\/wp\/v2\/posts\/123024","targetHints":{"allow":["GET"]}}],"collection":[{"href":"https:\/\/linitiative.ca\/International\/wp-json\/wp\/v2\/posts"}],"about":[{"href":"https:\/\/linitiative.ca\/International\/wp-json\/wp\/v2\/types\/post"}],"author":[{"embeddable":true,"href":"https:\/\/linitiative.ca\/International\/wp-json\/wp\/v2\/users\/1788"}],"replies":[{"embeddable":true,"href":"https:\/\/linitiative.ca\/International\/wp-json\/wp\/v2\/comments?post=123024"}],"version-history":[{"count":0,"href":"https:\/\/linitiative.ca\/International\/wp-json\/wp\/v2\/posts\/123024\/revisions"}],"wp:attachment":[{"href":"https:\/\/linitiative.ca\/International\/wp-json\/wp\/v2\/media?parent=123024"}],"wp:term":[{"taxonomy":"category","embeddable":true,"href":"https:\/\/linitiative.ca\/International\/wp-json\/wp\/v2\/categories?post=123024"},{"taxonomy":"post_tag","embeddable":true,"href":"https:\/\/linitiative.ca\/International\/wp-json\/wp\/v2\/tags?post=123024"}],"curies":[{"name":"wp","href":"https:\/\/api.w.org\/{rel}","templated":true}]}}