{"id":123026,"date":"2021-08-02T09:54:16","date_gmt":"2021-08-02T13:54:16","guid":{"rendered":"https:\/\/linitiative.ca\/International\/saad-dine-el-otmani-secretaire-general-du-pjd-invite-demain-mardi-du-forum-de-la-map\/"},"modified":"2021-08-02T09:54:16","modified_gmt":"2021-08-02T13:54:16","slug":"saad-dine-el-otmani-secretaire-general-du-pjd-invite-demain-mardi-du-forum-de-la-map","status":"publish","type":"post","link":"https:\/\/linitiative.ca\/International\/saad-dine-el-otmani-secretaire-general-du-pjd-invite-demain-mardi-du-forum-de-la-map\/","title":{"rendered":"Sa\u00e2d Dine El Otmani, secr\u00e9taire g\u00e9n\u00e9ral du PJD, invit\u00e9 demain mardi du Forum de la MAP"},"content":{"rendered":"<div>\n<div style=\"margin-bottom:20px;\"><img loading=\"lazy\" decoding=\"async\" width=\"750\" height=\"430\" src=\"https:\/\/linitiative.ca\/International\/wp-content\/uploads\/sites\/23\/2021\/08\/Saad-eddine-el-Othmani.jpg\" class=\"attachment-post-thumbnail size-post-thumbnail wp-post-image\" alt=\"\" srcset=\"https:\/\/linitiative.ca\/International\/wp-content\/uploads\/sites\/23\/2021\/08\/Saad-eddine-el-Othmani.jpg 750w, http:\/\/www.mapoujda.ma\/map\/uploads\/2021\/08\/Saad-eddine-el-Othmani-300x172.jpg 300w\" sizes=\"auto, (max-width: 750px) 100vw, 750px\"><\/div>\n<p>Le secr\u00e9taire g\u00e9n\u00e9ral du Parti de la Justice et du D\u00e9veloppement (PJD), M. Sa\u00e2d Dine El Otmani, sera demain mardi l\u2019invit\u00e9 du Forum de la MAP, qui se tiendra sous le th\u00e8me \u00ab\u00a0Les \u00e9lections de 2021 : l\u2019heure du bilan a-t-elle sonn\u00e9 pour le PJD ?\u00a0\u00bb.<\/p>\n<p>Cette rencontre, qui aura lieu au si\u00e8ge de la MAP \u00e0 Rabat \u00e0 partir de 09H00, sera l\u2019occasion de d\u00e9battre de plusieurs questions d\u2019actualit\u00e9 en rapport avec les \u00e9lections g\u00e9n\u00e9rales pr\u00e9vues dans le Royaume.<\/p>\n<p>Le Forum, qui sera diffus\u00e9 via MAP-Live, sur le site web de l\u2019Agence \u00ab\u00a0mapexpress.ma\u00a0\u00bb et son compte Facebook, se d\u00e9roulera dans le strict respect des mesures pr\u00e9ventives contre la Covid-19.<\/p>\n<p>Le Forum de la MAP est un espace de d\u00e9bat sur les questions d\u2019actualit\u00e9 politique, \u00e9conomique, culturelle et sociale. Des repr\u00e9sentants des pouvoirs publics et des personnalit\u00e9s de divers horizons ainsi que des repr\u00e9sentants des m\u00e9dias y sont convi\u00e9s.<\/p>\n<p>L\u2019article <a rel=\"nofollow\" href=\"http:\/\/www.mapoujda.ma\/fr\/saad-dine-el-otmani-secretaire-general-du-pjd-invite-demain-mardi-du-forum-de-la-map\/\">Sa\u00e2d Dine El Otmani, secr\u00e9taire g\u00e9n\u00e9ral du PJD, invit\u00e9 demain mardi du Forum de la MAP<\/a> est apparu en premier sur <a rel=\"nofollow\" href=\"http:\/\/www.mapoujda.ma\/fr\">MapOujda<\/a>.<\/p>\n<\/div>\n<p>Auteur: Ismail Bahhane<br \/>\n<a href=\"http:\/\/www.mapoujda.ma\/fr\/saad-dine-el-otmani-secretaire-general-du-pjd-invite-demain-mardi-du-forum-de-la-map\/\">Cliquez ici pour lire l&rsquo;article depuis sa source.<\/a><\/p>\n","protected":false},"excerpt":{"rendered":"<p>Le secr\u00e9taire g\u00e9n\u00e9ral du Parti de la Justice et du D\u00e9veloppement (PJD), M. Sa\u00e2d Dine El Otmani, sera demain mardi l\u2019invit\u00e9 du Forum de la MAP, qui se tiendra sous le th\u00e8me \u00ab\u00a0Les \u00e9lections de 2021 : l\u2019heure du bilan a-t-elle sonn\u00e9 pour le PJD ?\u00a0\u00bb. Cette rencontre, qui aura lieu au si\u00e8ge de la [&hellip;]<\/p>\n","protected":false},"author":1788,"featured_media":0,"comment_status":"closed","ping_status":"closed","sticky":false,"template":"","format":"standard","meta":{"fifu_image_url":"http:\/\/www.mapoujda.ma\/map\/uploads\/2021\/08\/Saad-eddine-el-Othmani.jpg","fifu_image_alt":"Sa\u00e2d Dine El Otmani, secr\u00e9taire g\u00e9n\u00e9ral du PJD, invit\u00e9 demain mardi du Forum de la MAP","footnotes":""},"categories":[54,76],"tags":[],"class_list":["post-123026","post","type-post","status-publish","format-standard","hentry","category-maroc","category-regions"],"_links":{"self":[{"href":"https:\/\/linitiative.ca\/International\/wp-json\/wp\/v2\/posts\/123026","targetHints":{"allow":["GET"]}}],"collection":[{"href":"https:\/\/linitiative.ca\/International\/wp-json\/wp\/v2\/posts"}],"about":[{"href":"https:\/\/linitiative.ca\/International\/wp-json\/wp\/v2\/types\/post"}],"author":[{"embeddable":true,"href":"https:\/\/linitiative.ca\/International\/wp-json\/wp\/v2\/users\/1788"}],"replies":[{"embeddable":true,"href":"https:\/\/linitiative.ca\/International\/wp-json\/wp\/v2\/comments?post=123026"}],"version-history":[{"count":0,"href":"https:\/\/linitiative.ca\/International\/wp-json\/wp\/v2\/posts\/123026\/revisions"}],"wp:attachment":[{"href":"https:\/\/linitiative.ca\/International\/wp-json\/wp\/v2\/media?parent=123026"}],"wp:term":[{"taxonomy":"category","embeddable":true,"href":"https:\/\/linitiative.ca\/International\/wp-json\/wp\/v2\/categories?post=123026"},{"taxonomy":"post_tag","embeddable":true,"href":"https:\/\/linitiative.ca\/International\/wp-json\/wp\/v2\/tags?post=123026"}],"curies":[{"name":"wp","href":"https:\/\/api.w.org\/{rel}","templated":true}]}}