{"id":123030,"date":"2021-08-02T10:50:09","date_gmt":"2021-08-02T14:50:09","guid":{"rendered":"https:\/\/linitiative.ca\/International\/oued-martil-209-millions-de-dh-pour-realiser-trois-ponts\/"},"modified":"2021-08-02T10:50:09","modified_gmt":"2021-08-02T14:50:09","slug":"oued-martil-209-millions-de-dh-pour-realiser-trois-ponts","status":"publish","type":"post","link":"https:\/\/linitiative.ca\/International\/oued-martil-209-millions-de-dh-pour-realiser-trois-ponts\/","title":{"rendered":"Oued Martil: 209 millions de DH pour r\u00e9aliser trois ponts"},"content":{"rendered":"<div>\n<div class=\"field field-name-body field-type-text-with-summary field-label-hidden\">\n<div class=\"field-items\">\n<div class=\"field-item even\" property=\"content:encoded\">\n<p class=\"rtejustify\">Trois ponts\u00a0seront r\u00e9alis\u00e9s au niveau de l&rsquo;Oued Martil afin de les relier au r\u00e9seau routier. Ce projet mobilisera une enveloppe budg\u00e9taire de 209 millions de DH et sera r\u00e9alis\u00e9\u00a0dans le cadre d\u2019une convention de partenariat entre le minist\u00e8re de l&rsquo;Equipement, du Transport, de la Logistique et de l&rsquo;Eau, le minist\u00e8re de l&rsquo;Am\u00e9nagement du territoire national, de l&rsquo;Urbanisme, de l&rsquo;Habitat et de la Politique de la ville, la Soci\u00e9t\u00e9 d&rsquo;am\u00e9nagement de la Vall\u00e9e de l&rsquo;Oued Martil et le Conseil de la r\u00e9gion Tanger-T\u00e9touan-Al Hoceima.<\/p>\n<\/div>\n<\/div>\n<\/div>\n<\/div>\n<p>Auteur: hgueye<br \/>\n<a href=\"https:\/\/www.leconomiste.com\/flash-infos\/oued-martil-209-millions-de-dh-pour-realiser-trois-ponts\">Cliquez ici pour lire l&rsquo;article depuis sa source.<\/a><\/p>\n","protected":false},"excerpt":{"rendered":"<p>Trois ponts\u00a0seront r\u00e9alis\u00e9s au niveau de l&rsquo;Oued Martil afin de les relier au r\u00e9seau routier. Ce projet mobilisera une enveloppe budg\u00e9taire de 209 millions de DH et sera r\u00e9alis\u00e9\u00a0dans le cadre d\u2019une convention de partenariat entre le minist\u00e8re de l&rsquo;Equipement, du Transport, de la Logistique et de l&rsquo;Eau, le minist\u00e8re de l&rsquo;Am\u00e9nagement du territoire national, [&hellip;]<\/p>\n","protected":false},"author":1763,"featured_media":0,"comment_status":"closed","ping_status":"closed","sticky":false,"template":"","format":"standard","meta":{"fifu_image_url":"","fifu_image_alt":"","footnotes":""},"categories":[78,54],"tags":[],"class_list":["post-123030","post","type-post","status-publish","format-standard","hentry","category-economie","category-maroc"],"_links":{"self":[{"href":"https:\/\/linitiative.ca\/International\/wp-json\/wp\/v2\/posts\/123030","targetHints":{"allow":["GET"]}}],"collection":[{"href":"https:\/\/linitiative.ca\/International\/wp-json\/wp\/v2\/posts"}],"about":[{"href":"https:\/\/linitiative.ca\/International\/wp-json\/wp\/v2\/types\/post"}],"author":[{"embeddable":true,"href":"https:\/\/linitiative.ca\/International\/wp-json\/wp\/v2\/users\/1763"}],"replies":[{"embeddable":true,"href":"https:\/\/linitiative.ca\/International\/wp-json\/wp\/v2\/comments?post=123030"}],"version-history":[{"count":0,"href":"https:\/\/linitiative.ca\/International\/wp-json\/wp\/v2\/posts\/123030\/revisions"}],"wp:attachment":[{"href":"https:\/\/linitiative.ca\/International\/wp-json\/wp\/v2\/media?parent=123030"}],"wp:term":[{"taxonomy":"category","embeddable":true,"href":"https:\/\/linitiative.ca\/International\/wp-json\/wp\/v2\/categories?post=123030"},{"taxonomy":"post_tag","embeddable":true,"href":"https:\/\/linitiative.ca\/International\/wp-json\/wp\/v2\/tags?post=123030"}],"curies":[{"name":"wp","href":"https:\/\/api.w.org\/{rel}","templated":true}]}}