{"id":123034,"date":"2021-08-02T13:52:26","date_gmt":"2021-08-02T17:52:26","guid":{"rendered":"https:\/\/linitiative.ca\/International\/covid-19-les-nouvelles-mesures-qui-entreront-en-vigueur-des-mardi\/"},"modified":"2021-08-02T13:52:26","modified_gmt":"2021-08-02T17:52:26","slug":"covid-19-les-nouvelles-mesures-qui-entreront-en-vigueur-des-mardi","status":"publish","type":"post","link":"https:\/\/linitiative.ca\/International\/covid-19-les-nouvelles-mesures-qui-entreront-en-vigueur-des-mardi\/","title":{"rendered":"Covid-19: Les nouvelles mesures qui entreront en vigueur d\u00e8s mardi"},"content":{"rendered":"<div>\n<div class=\"field field-name-body field-type-text-with-summary field-label-hidden\">\n<div class=\"field-items\">\n<div class=\"field-item even\" property=\"content:encoded\">\n<p>Face \u00e0 la hausse des\u00a0contaminations et des cas critiques, le gouvernement a pris de nouvelles mesures qui seront en vigueur \u00e0 partir de mardi \u00e0 21h00.\u00a0 Ces mesures portent sur l&rsquo;interdiction des d\u00e9placements nocturnes \u00e0 l&rsquo;\u00e9chelle nationale de 21h \u00e0 5h.<\/p>\n<\/div>\n<\/div>\n<\/div>\n<\/div>\n<p>Auteur: hgueye<br \/>\n<a href=\"https:\/\/www.leconomiste.com\/flash-infos\/covid-19-les-nouvelles-mesures-qui-entreront-en-vigueur-des-mardi\">Cliquez ici pour lire l&rsquo;article depuis sa source.<\/a><\/p>\n","protected":false},"excerpt":{"rendered":"<p>Face \u00e0 la hausse des\u00a0contaminations et des cas critiques, le gouvernement a pris de nouvelles mesures qui seront en vigueur \u00e0 partir de mardi \u00e0 21h00.\u00a0 Ces mesures portent sur l&rsquo;interdiction des d\u00e9placements nocturnes \u00e0 l&rsquo;\u00e9chelle nationale de 21h \u00e0 5h. Auteur: hgueye Cliquez ici pour lire l&rsquo;article depuis sa source.<\/p>\n","protected":false},"author":1763,"featured_media":0,"comment_status":"closed","ping_status":"closed","sticky":false,"template":"","format":"standard","meta":{"fifu_image_url":"","fifu_image_alt":"","footnotes":""},"categories":[78,54],"tags":[],"class_list":["post-123034","post","type-post","status-publish","format-standard","hentry","category-economie","category-maroc"],"_links":{"self":[{"href":"https:\/\/linitiative.ca\/International\/wp-json\/wp\/v2\/posts\/123034","targetHints":{"allow":["GET"]}}],"collection":[{"href":"https:\/\/linitiative.ca\/International\/wp-json\/wp\/v2\/posts"}],"about":[{"href":"https:\/\/linitiative.ca\/International\/wp-json\/wp\/v2\/types\/post"}],"author":[{"embeddable":true,"href":"https:\/\/linitiative.ca\/International\/wp-json\/wp\/v2\/users\/1763"}],"replies":[{"embeddable":true,"href":"https:\/\/linitiative.ca\/International\/wp-json\/wp\/v2\/comments?post=123034"}],"version-history":[{"count":0,"href":"https:\/\/linitiative.ca\/International\/wp-json\/wp\/v2\/posts\/123034\/revisions"}],"wp:attachment":[{"href":"https:\/\/linitiative.ca\/International\/wp-json\/wp\/v2\/media?parent=123034"}],"wp:term":[{"taxonomy":"category","embeddable":true,"href":"https:\/\/linitiative.ca\/International\/wp-json\/wp\/v2\/categories?post=123034"},{"taxonomy":"post_tag","embeddable":true,"href":"https:\/\/linitiative.ca\/International\/wp-json\/wp\/v2\/tags?post=123034"}],"curies":[{"name":"wp","href":"https:\/\/api.w.org\/{rel}","templated":true}]}}