{"id":123039,"date":"2021-08-02T15:03:00","date_gmt":"2021-08-02T19:03:00","guid":{"rendered":"https:\/\/linitiative.ca\/International\/barca-un-contrat-jusqua-ses-39-ans-pour-messi\/"},"modified":"2021-08-02T15:03:00","modified_gmt":"2021-08-02T19:03:00","slug":"barca-un-contrat-jusqua-ses-39-ans-pour-messi","status":"publish","type":"post","link":"https:\/\/linitiative.ca\/International\/barca-un-contrat-jusqua-ses-39-ans-pour-messi\/","title":{"rendered":"Bar\u00e7a : Un contrat jusqu&rsquo;\u00e0 ses 39 ans pour Messi"},"content":{"rendered":"<div>\u00ab\u00a0Messi veut continuer au Bar\u00e7a\u00a0\u00bb, clame haut et fort le pr\u00e9sident blaugrana Joan Laporta, ce lundi, en marge de la pr\u00e9sentation du d\u00e9fenseur br\u00e9silien Emerson Royal<img loading=\"lazy\" decoding=\"async\" src=\"http:\/\/feeds.feedburner.com\/~r\/GalerieFArtciles\/~4\/srPfFsBUNeg\" height=\"1\" width=\"1\" alt=\"\"><\/div>\n<p>Auteur:<br \/>\n<a href=\"http:\/\/www.lebuteur.com\/article\/detail?titre=barca-un-contrat-jusqua-ses-39-ans-pour-messi&#038;id=100752&#038;utm_source=feedburner&#038;utm_medium=feed&#038;utm_campaign=Feed%3A+GalerieFArtciles+%28Les+derniers+articles++-+lebuteur.com%29\">Cliquez ici pour lire l&rsquo;article depuis sa source.<\/a><\/p>\n","protected":false},"excerpt":{"rendered":"<p>\u00ab\u00a0Messi veut continuer au Bar\u00e7a\u00a0\u00bb, clame haut et fort le pr\u00e9sident blaugrana Joan Laporta, ce lundi, en marge de la pr\u00e9sentation du d\u00e9fenseur br\u00e9silien Emerson Royal Auteur: Cliquez ici pour lire l&rsquo;article depuis sa source.<\/p>\n","protected":false},"author":1738,"featured_media":0,"comment_status":"closed","ping_status":"closed","sticky":false,"template":"","format":"standard","meta":{"fifu_image_url":"http:\/\/feeds.feedburner.com\/~r\/GalerieFArtciles\/~4\/srPfFsBUNeg","fifu_image_alt":"<div>Bar\u00e7a : Un contrat jusqu'\u00e0 ses 39 ans pour Messi<\/div>","footnotes":""},"categories":[53,75],"tags":[],"class_list":["post-123039","post","type-post","status-publish","format-standard","hentry","category-algerie","category-sport"],"_links":{"self":[{"href":"https:\/\/linitiative.ca\/International\/wp-json\/wp\/v2\/posts\/123039","targetHints":{"allow":["GET"]}}],"collection":[{"href":"https:\/\/linitiative.ca\/International\/wp-json\/wp\/v2\/posts"}],"about":[{"href":"https:\/\/linitiative.ca\/International\/wp-json\/wp\/v2\/types\/post"}],"author":[{"embeddable":true,"href":"https:\/\/linitiative.ca\/International\/wp-json\/wp\/v2\/users\/1738"}],"replies":[{"embeddable":true,"href":"https:\/\/linitiative.ca\/International\/wp-json\/wp\/v2\/comments?post=123039"}],"version-history":[{"count":0,"href":"https:\/\/linitiative.ca\/International\/wp-json\/wp\/v2\/posts\/123039\/revisions"}],"wp:attachment":[{"href":"https:\/\/linitiative.ca\/International\/wp-json\/wp\/v2\/media?parent=123039"}],"wp:term":[{"taxonomy":"category","embeddable":true,"href":"https:\/\/linitiative.ca\/International\/wp-json\/wp\/v2\/categories?post=123039"},{"taxonomy":"post_tag","embeddable":true,"href":"https:\/\/linitiative.ca\/International\/wp-json\/wp\/v2\/tags?post=123039"}],"curies":[{"name":"wp","href":"https:\/\/api.w.org\/{rel}","templated":true}]}}