{"id":123044,"date":"2021-08-02T06:31:49","date_gmt":"2021-08-02T10:31:49","guid":{"rendered":"https:\/\/linitiative.ca\/International\/la-classe-politique-reagit-la-gestion-de-la-pandemie-tres-critiquee\/"},"modified":"2021-08-02T06:31:49","modified_gmt":"2021-08-02T10:31:49","slug":"la-classe-politique-reagit-la-gestion-de-la-pandemie-tres-critiquee","status":"publish","type":"post","link":"https:\/\/linitiative.ca\/International\/la-classe-politique-reagit-la-gestion-de-la-pandemie-tres-critiquee\/","title":{"rendered":"La classe politique r\u00e9agit : La gestion de la pand\u00e9mie tr\u00e8s critiqu\u00e9e"},"content":{"rendered":"<div>\n<div class=\"sriret\"><img loading=\"lazy\" decoding=\"async\" width=\"800\" height=\"395\" src=\"https:\/\/linitiative.ca\/International\/wp-content\/uploads\/sites\/23\/2021\/08\/UNEEEEE-e1627859191129.gif\" class=\"attachment-featured_large size-featured_large wp-post-image\" alt=\"\" style=\"margin-bottom: 15px;\"><\/div>\n<p>L\u2019Alg\u00e9rie continue de faire face \u00e0 une forte hausse des cas quotidiens de contamination \u00e0 la Covid-19, avec en moyenne 1500 nouveaux cas positifs par jour, alors que les initiatives citoyennes fleurissent pour soulager les malades face \u00e0 la crise de l\u2019oxyg\u00e8ne m\u00e9dical.<\/p>\n<p>Le record quotidien des infections a \u00e9t\u00e9 battu de nouveau mercredi dernier, avec 1927 cas, selon le minist\u00e8re de la Sant\u00e9. Le nombre des infections des derni\u00e8res 24\u00a0heures a toutefois chut\u00e9, samedi dernier, sans explication, avec 1203 cas, soit 318 de moins que la veille.<\/p>\n<p>\u00a0<\/p>\n<p><strong>*<\/strong>Retrouvez l\u2019int\u00e9gralit\u00e9 de nos articles sur la version papier<\/p>\n<p>L\u2019article <a rel=\"nofollow\" href=\"https:\/\/www.elwatan.com\/a-la-une\/la-classe-politique-reagit-la-gestion-de-la-pandemie-tres-critiquee-02-08-2021\">La classe politique r\u00e9agit : La gestion de la pand\u00e9mie tr\u00e8s critiqu\u00e9e<\/a> est apparu en premier sur <a rel=\"nofollow\" href=\"https:\/\/www.elwatan.com\/\">El Watan<\/a>.<\/p>\n<\/div>\n<p>Auteur: Hicham Chouadria<br \/>\n<a href=\"https:\/\/www.elwatan.com\/a-la-une\/la-classe-politique-reagit-la-gestion-de-la-pandemie-tres-critiquee-02-08-2021\">Cliquez ici pour lire l&rsquo;article depuis sa source.<\/a><\/p>\n","protected":false},"excerpt":{"rendered":"<p>L\u2019Alg\u00e9rie continue de faire face \u00e0 une forte hausse des cas quotidiens de contamination \u00e0 la Covid-19, avec en moyenne 1500 nouveaux cas positifs par jour, alors que les initiatives citoyennes fleurissent pour soulager les malades face \u00e0 la crise de l\u2019oxyg\u00e8ne m\u00e9dical. Le record quotidien des infections a \u00e9t\u00e9 battu de nouveau mercredi dernier, [&hellip;]<\/p>\n","protected":false},"author":1743,"featured_media":0,"comment_status":"closed","ping_status":"closed","sticky":false,"template":"","format":"standard","meta":{"fifu_image_url":"https:\/\/www.elwatan.com\/wp-content\/uploads\/2021\/07\/UNEEEEE-e1627859191129.gif","fifu_image_alt":"La classe politique r\u00e9agit : La gestion de la pand\u00e9mie tr\u00e8s critiqu\u00e9e","footnotes":""},"categories":[73,53],"tags":[],"class_list":["post-123044","post","type-post","status-publish","format-standard","hentry","category-actualite","category-algerie"],"_links":{"self":[{"href":"https:\/\/linitiative.ca\/International\/wp-json\/wp\/v2\/posts\/123044","targetHints":{"allow":["GET"]}}],"collection":[{"href":"https:\/\/linitiative.ca\/International\/wp-json\/wp\/v2\/posts"}],"about":[{"href":"https:\/\/linitiative.ca\/International\/wp-json\/wp\/v2\/types\/post"}],"author":[{"embeddable":true,"href":"https:\/\/linitiative.ca\/International\/wp-json\/wp\/v2\/users\/1743"}],"replies":[{"embeddable":true,"href":"https:\/\/linitiative.ca\/International\/wp-json\/wp\/v2\/comments?post=123044"}],"version-history":[{"count":0,"href":"https:\/\/linitiative.ca\/International\/wp-json\/wp\/v2\/posts\/123044\/revisions"}],"wp:attachment":[{"href":"https:\/\/linitiative.ca\/International\/wp-json\/wp\/v2\/media?parent=123044"}],"wp:term":[{"taxonomy":"category","embeddable":true,"href":"https:\/\/linitiative.ca\/International\/wp-json\/wp\/v2\/categories?post=123044"},{"taxonomy":"post_tag","embeddable":true,"href":"https:\/\/linitiative.ca\/International\/wp-json\/wp\/v2\/tags?post=123044"}],"curies":[{"name":"wp","href":"https:\/\/api.w.org\/{rel}","templated":true}]}}