{"id":123046,"date":"2021-08-02T06:35:43","date_gmt":"2021-08-02T10:35:43","guid":{"rendered":"https:\/\/linitiative.ca\/International\/discours-a-la-nation-a-loccasion-de-la-fete-du-trone-la-diversion-de-mohammed-vi\/"},"modified":"2021-08-02T06:35:43","modified_gmt":"2021-08-02T10:35:43","slug":"discours-a-la-nation-a-loccasion-de-la-fete-du-trone-la-diversion-de-mohammed-vi","status":"publish","type":"post","link":"https:\/\/linitiative.ca\/International\/discours-a-la-nation-a-loccasion-de-la-fete-du-trone-la-diversion-de-mohammed-vi\/","title":{"rendered":"Discours \u00e0 la nation \u00e0 l\u2019occasion de la f\u00eate du tr\u00f4ne : La diversion de Mohammed VI"},"content":{"rendered":"<div>\n<div class=\"sriret\"><img loading=\"lazy\" decoding=\"async\" width=\"546\" height=\"334\" src=\"https:\/\/linitiative.ca\/International\/wp-content\/uploads\/sites\/23\/2021\/08\/Mohamed-VI.jpg\" class=\"attachment-featured_large size-featured_large wp-post-image\" alt=\"\" style=\"margin-bottom: 15px;\" srcset=\"https:\/\/linitiative.ca\/International\/wp-content\/uploads\/sites\/23\/2021\/08\/Mohamed-VI.jpg 546w, https:\/\/www.elwatan.com\/wp-content\/uploads\/2018\/11\/Mohamed-VI-300x184.jpg 300w\" sizes=\"auto, (max-width: 546px) 100vw, 546px\"><\/div>\n<p>Dans son traditionnel discours \u00e0 l\u2019occasion de la f\u00eate du Tr\u00f4ne prononc\u00e9 samedi soir, le roi Mohammed VI s\u2019est \u00e9tal\u00e9 sur les relations entre l\u2019Alg\u00e9rie et le Maroc. Intervenant en pleine grave crise diplomatique entre les deux pays, le souverain marocain a vite enfil\u00e9 les habits de r\u00e9conciliateur qui ne veut que du bien \u00e0 son voisin, invitant d\u2019embl\u00e9e ses \u00abfr\u00e8res\u00bb en Alg\u00e9rie \u00e0 \u0153uvrer \u00abde concert et sans conditions\u00bb \u00e0 l\u2019\u00e9tablissement de relations bilat\u00e9rales \u00abfond\u00e9es sur la confiance, le dialogue et le bon voisinage\u00bb.<\/p>\n<p>Le souverain marocain, dont les apparitions politico-m\u00e9diatiques sont rares, a affirm\u00e9 que \u00abla s\u00e9curit\u00e9 et la stabilit\u00e9 de l\u2019Alg\u00e9rie, et la qui\u00e9tude de son peuple sont organiquement li\u00e9es \u00e0 la s\u00e9curit\u00e9 et \u00e0 la stabilit\u00e9 du Maroc\u00bb. Encha\u00eenant les mots de bienveillance, Mohammed VI a assur\u00e9 que \u00abce qui touche le Maroc affecte tout autant l\u2019Alg\u00e9rie ; car les deux pays font indissolublement corps\u00bb.<\/p>\n<p>\u00a0<\/p>\n<p><strong>*<\/strong>Retrouvez l\u2019int\u00e9gralit\u00e9 de nos articles sur la version papier<\/p>\n<p>\u00a0<\/p>\n<p>L\u2019article <a rel=\"nofollow\" href=\"https:\/\/www.elwatan.com\/a-la-une\/discours-a-la-nation-a-loccasion-de-la-fete-du-trone-la-diversion-de-mohammed-vi-02-08-2021\">Discours \u00e0 la nation \u00e0 l\u2019occasion de la f\u00eate du tr\u00f4ne : La diversion de Mohammed VI<\/a> est apparu en premier sur <a rel=\"nofollow\" href=\"https:\/\/www.elwatan.com\/\">El Watan<\/a>.<\/p>\n<\/div>\n<p>Auteur: Hicham Chouadria<br \/>\n<a href=\"https:\/\/www.elwatan.com\/a-la-une\/discours-a-la-nation-a-loccasion-de-la-fete-du-trone-la-diversion-de-mohammed-vi-02-08-2021\">Cliquez ici pour lire l&rsquo;article depuis sa source.<\/a><\/p>\n","protected":false},"excerpt":{"rendered":"<p>Dans son traditionnel discours \u00e0 l\u2019occasion de la f\u00eate du Tr\u00f4ne prononc\u00e9 samedi soir, le roi Mohammed VI s\u2019est \u00e9tal\u00e9 sur les relations entre l\u2019Alg\u00e9rie et le Maroc. Intervenant en pleine grave crise diplomatique entre les deux pays, le souverain marocain a vite enfil\u00e9 les habits de r\u00e9conciliateur qui ne veut que du bien \u00e0 [&hellip;]<\/p>\n","protected":false},"author":1743,"featured_media":0,"comment_status":"closed","ping_status":"closed","sticky":false,"template":"","format":"standard","meta":{"fifu_image_url":"https:\/\/www.elwatan.com\/wp-content\/uploads\/2018\/11\/Mohamed-VI.jpg","fifu_image_alt":"Discours \u00e0 la nation \u00e0 l\u2019occasion de la f\u00eate du tr\u00f4ne : La diversion de Mohammed VI","footnotes":""},"categories":[73,53],"tags":[],"class_list":["post-123046","post","type-post","status-publish","format-standard","hentry","category-actualite","category-algerie"],"_links":{"self":[{"href":"https:\/\/linitiative.ca\/International\/wp-json\/wp\/v2\/posts\/123046","targetHints":{"allow":["GET"]}}],"collection":[{"href":"https:\/\/linitiative.ca\/International\/wp-json\/wp\/v2\/posts"}],"about":[{"href":"https:\/\/linitiative.ca\/International\/wp-json\/wp\/v2\/types\/post"}],"author":[{"embeddable":true,"href":"https:\/\/linitiative.ca\/International\/wp-json\/wp\/v2\/users\/1743"}],"replies":[{"embeddable":true,"href":"https:\/\/linitiative.ca\/International\/wp-json\/wp\/v2\/comments?post=123046"}],"version-history":[{"count":0,"href":"https:\/\/linitiative.ca\/International\/wp-json\/wp\/v2\/posts\/123046\/revisions"}],"wp:attachment":[{"href":"https:\/\/linitiative.ca\/International\/wp-json\/wp\/v2\/media?parent=123046"}],"wp:term":[{"taxonomy":"category","embeddable":true,"href":"https:\/\/linitiative.ca\/International\/wp-json\/wp\/v2\/categories?post=123046"},{"taxonomy":"post_tag","embeddable":true,"href":"https:\/\/linitiative.ca\/International\/wp-json\/wp\/v2\/tags?post=123046"}],"curies":[{"name":"wp","href":"https:\/\/api.w.org\/{rel}","templated":true}]}}