{"id":123050,"date":"2021-08-02T09:21:00","date_gmt":"2021-08-02T13:21:00","guid":{"rendered":"https:\/\/linitiative.ca\/International\/meriem-bourguiba-laouiti-bourguiba-construisait-un-etat-republicain-et-non-une-dynastie\/"},"modified":"2021-08-02T09:21:00","modified_gmt":"2021-08-02T13:21:00","slug":"meriem-bourguiba-laouiti-bourguiba-construisait-un-etat-republicain-et-non-une-dynastie","status":"publish","type":"post","link":"https:\/\/linitiative.ca\/International\/meriem-bourguiba-laouiti-bourguiba-construisait-un-etat-republicain-et-non-une-dynastie\/","title":{"rendered":"M\u00e9riem Bourguiba Laouiti: Bourguiba construisait un Etat r\u00e9publicain et non une dynastie"},"content":{"rendered":"<div><img decoding=\"async\" src=\"https:\/\/linitiative.ca\/International\/wp-content\/uploads\/sites\/23\/2021\/08\/1627909856_article.jpg\" alt=\"M\u00e9riem Bourguiba Laouiti: Bourguiba construisait un Etat r\u00e9publicain et non une dynastie\" align=\"left\">N\u00e9e  aux \u00c9tats Unis, son p\u00e8re, Habib Bourguiba Jr, \u00e9tait alors ambassadeur  de Tunisie \u00e0 Washington du temps de John F. Kennedy, Anglaise  \u00abd\u2019adoption\u00bb et de formation universitaire, ayant v\u00e9cu 30 ans \u00e0 Londres,  \u00e9galement Fran\u00e7aise de sang par ses deux grands-m\u00e8res, mais  profond\u00e9ment Tunisienne, de souche, de culture, de temp\u00e9rament et  d\u2019engagement, M\u00e9riem Bourguiba, l\u2019unique petite-fille de Habib  Bourguiba, et aussi le seul des Bourguiba \u00e0 s\u2019engager depuis la  r\u00e9volution dans l\u2019action politique, est sans doute un t\u00e9moin privil\u00e9gi\u00e9  de toute une \u00e9poque. Y compris la r\u00e9volution qu\u2019elle a v\u00e9cue d\u00e8s les  premi\u00e8res heures et qu\u2019elle continue \u00e0 vivre &#8230;<\/p>\n<\/div>\n<p>Auteur:<br \/>\n<a href=\"https:\/\/www.leaders.com.tn\/article\/32230-meriem-bourguiba-laouiti-bourguiba-construisait-un-etat-republicain-et-non-une-dynastie\">Cliquez ici pour lire l&rsquo;article depuis sa source.<\/a><\/p>\n","protected":false},"excerpt":{"rendered":"<p>N\u00e9e aux \u00c9tats Unis, son p\u00e8re, Habib Bourguiba Jr, \u00e9tait alors ambassadeur de Tunisie \u00e0 Washington du temps de John F. Kennedy, Anglaise \u00abd\u2019adoption\u00bb et de formation universitaire, ayant v\u00e9cu 30 ans \u00e0 Londres, \u00e9galement Fran\u00e7aise de sang par ses deux grands-m\u00e8res, mais profond\u00e9ment Tunisienne, de souche, de culture, de temp\u00e9rament et d\u2019engagement, M\u00e9riem Bourguiba, [&hellip;]<\/p>\n","protected":false},"author":1772,"featured_media":0,"comment_status":"closed","ping_status":"closed","sticky":false,"template":"","format":"standard","meta":{"fifu_image_url":"http:\/\/www.leaders.com.tn\/uploads\/content\/thumbnails_small\/1627909856_article.jpg","fifu_image_alt":"M\u00e9riem Bourguiba Laouiti: Bourguiba construisait un Etat r\u00e9publicain et non une dynastie","footnotes":""},"categories":[73,55],"tags":[],"class_list":["post-123050","post","type-post","status-publish","format-standard","hentry","category-actualite","category-tunisie"],"_links":{"self":[{"href":"https:\/\/linitiative.ca\/International\/wp-json\/wp\/v2\/posts\/123050","targetHints":{"allow":["GET"]}}],"collection":[{"href":"https:\/\/linitiative.ca\/International\/wp-json\/wp\/v2\/posts"}],"about":[{"href":"https:\/\/linitiative.ca\/International\/wp-json\/wp\/v2\/types\/post"}],"author":[{"embeddable":true,"href":"https:\/\/linitiative.ca\/International\/wp-json\/wp\/v2\/users\/1772"}],"replies":[{"embeddable":true,"href":"https:\/\/linitiative.ca\/International\/wp-json\/wp\/v2\/comments?post=123050"}],"version-history":[{"count":0,"href":"https:\/\/linitiative.ca\/International\/wp-json\/wp\/v2\/posts\/123050\/revisions"}],"wp:attachment":[{"href":"https:\/\/linitiative.ca\/International\/wp-json\/wp\/v2\/media?parent=123050"}],"wp:term":[{"taxonomy":"category","embeddable":true,"href":"https:\/\/linitiative.ca\/International\/wp-json\/wp\/v2\/categories?post=123050"},{"taxonomy":"post_tag","embeddable":true,"href":"https:\/\/linitiative.ca\/International\/wp-json\/wp\/v2\/tags?post=123050"}],"curies":[{"name":"wp","href":"https:\/\/api.w.org\/{rel}","templated":true}]}}