{"id":123056,"date":"2021-08-02T15:31:00","date_gmt":"2021-08-02T19:31:00","guid":{"rendered":"https:\/\/linitiative.ca\/International\/nouveaux-ministres-sihem-boughdiri-succede-a-ali-kooli-aux-finances-et-nizar-ben-neji-a-fadhel-kraiem-aux-tics\/"},"modified":"2021-08-02T15:31:00","modified_gmt":"2021-08-02T19:31:00","slug":"nouveaux-ministres-sihem-boughdiri-succede-a-ali-kooli-aux-finances-et-nizar-ben-neji-a-fadhel-kraiem-aux-tics","status":"publish","type":"post","link":"https:\/\/linitiative.ca\/International\/nouveaux-ministres-sihem-boughdiri-succede-a-ali-kooli-aux-finances-et-nizar-ben-neji-a-fadhel-kraiem-aux-tics\/","title":{"rendered":"Nouveaux ministres : Sihem Boughdiri succ\u00e8de \u00e0 Ali Kooli aux Finances et Nizar Ben N\u00e9ji \u00e0 Fadhel Kraiem aux Tics"},"content":{"rendered":"<div><img decoding=\"async\" src=\"https:\/\/linitiative.ca\/International\/wp-content\/uploads\/sites\/23\/2021\/08\/1627929423_article.jpg\" alt=\"Nouveaux ministres : Sihem Boughdiri succ\u00e8de \u00e0 Ali Kooli aux Finances et Nizar Ben N\u00e9ji \u00e0 Fadhel Kraiem aux Tics\" align=\"left\">Par petites touches, le pr\u00e9sident Kais Sa\u00efed compose le nouveau gouvernement, en attendant d\u00e9signer celui qui coiffera l\u2019\u00e9quipe. C\u2019est ainsi qu\u2019il a charg\u00e9 Sihem Boughdhiri Nesmia de diriger le minist\u00e8re de l\u2019\u00c9conomie, des Finances et de l\u2019Investissement en remplacement de Ali Kooli. Il a \u00e9galement d\u00e9sign\u00e9 Nizar Ben N\u00e9ji pour pr\u00e9sider aux destin\u00e9es du minist\u00e8re des Technologies de la Communication, succ\u00e9dant ainsi \u00e0 Fadhel Kraiem.<br \/>\nMme Boughdiri qui avait \u00e9t\u00e9 directrice g\u00e9n\u00e9rale des \u00e9tudes et l\u00e9gislation fiscales avait \u00e9t\u00e9 relev\u00e9e de ses fonctions, il y a quelques mois. Consid\u00e9r\u00e9e comme l\u2019architecte de la loi des finances pour la partie fiscale, elle &#8230;<\/p>\n<\/div>\n<p>Auteur:<br \/>\n<a href=\"https:\/\/www.leaders.com.tn\/article\/32234-nouveaux-ministres-sihem-boughdiri-succede-a-ali-kooli-aux-finances-et-nizar-ben-neji-a-fadhel-kraiem-aux-tics\">Cliquez ici pour lire l&rsquo;article depuis sa source.<\/a><\/p>\n","protected":false},"excerpt":{"rendered":"<p>Par petites touches, le pr\u00e9sident Kais Sa\u00efed compose le nouveau gouvernement, en attendant d\u00e9signer celui qui coiffera l\u2019\u00e9quipe. C\u2019est ainsi qu\u2019il a charg\u00e9 Sihem Boughdhiri Nesmia de diriger le minist\u00e8re de l\u2019\u00c9conomie, des Finances et de l\u2019Investissement en remplacement de Ali Kooli. Il a \u00e9galement d\u00e9sign\u00e9 Nizar Ben N\u00e9ji pour pr\u00e9sider aux destin\u00e9es du minist\u00e8re [&hellip;]<\/p>\n","protected":false},"author":1772,"featured_media":0,"comment_status":"closed","ping_status":"closed","sticky":false,"template":"","format":"standard","meta":{"fifu_image_url":"http:\/\/www.leaders.com.tn\/uploads\/content\/thumbnails_small\/1627929423_article.jpg","fifu_image_alt":"Nouveaux ministres : Sihem Boughdiri succ\u00e8de \u00e0 Ali Kooli aux Finances et Nizar Ben N\u00e9ji \u00e0 Fadhel Kraiem aux Tics","footnotes":""},"categories":[73,55],"tags":[],"class_list":["post-123056","post","type-post","status-publish","format-standard","hentry","category-actualite","category-tunisie"],"_links":{"self":[{"href":"https:\/\/linitiative.ca\/International\/wp-json\/wp\/v2\/posts\/123056","targetHints":{"allow":["GET"]}}],"collection":[{"href":"https:\/\/linitiative.ca\/International\/wp-json\/wp\/v2\/posts"}],"about":[{"href":"https:\/\/linitiative.ca\/International\/wp-json\/wp\/v2\/types\/post"}],"author":[{"embeddable":true,"href":"https:\/\/linitiative.ca\/International\/wp-json\/wp\/v2\/users\/1772"}],"replies":[{"embeddable":true,"href":"https:\/\/linitiative.ca\/International\/wp-json\/wp\/v2\/comments?post=123056"}],"version-history":[{"count":0,"href":"https:\/\/linitiative.ca\/International\/wp-json\/wp\/v2\/posts\/123056\/revisions"}],"wp:attachment":[{"href":"https:\/\/linitiative.ca\/International\/wp-json\/wp\/v2\/media?parent=123056"}],"wp:term":[{"taxonomy":"category","embeddable":true,"href":"https:\/\/linitiative.ca\/International\/wp-json\/wp\/v2\/categories?post=123056"},{"taxonomy":"post_tag","embeddable":true,"href":"https:\/\/linitiative.ca\/International\/wp-json\/wp\/v2\/tags?post=123056"}],"curies":[{"name":"wp","href":"https:\/\/api.w.org\/{rel}","templated":true}]}}