{"id":123058,"date":"2021-08-02T17:06:00","date_gmt":"2021-08-02T21:06:00","guid":{"rendered":"https:\/\/linitiative.ca\/International\/qui-est-sihem-boughdiri-nemsia-nouvelle-ministre-de-leconomie-des-finances-et-de-linvestissement\/"},"modified":"2021-08-02T17:06:00","modified_gmt":"2021-08-02T21:06:00","slug":"qui-est-sihem-boughdiri-nemsia-nouvelle-ministre-de-leconomie-des-finances-et-de-linvestissement","status":"publish","type":"post","link":"https:\/\/linitiative.ca\/International\/qui-est-sihem-boughdiri-nemsia-nouvelle-ministre-de-leconomie-des-finances-et-de-linvestissement\/","title":{"rendered":"Qui est Sihem Boughdiri Nemsia, nouvelle ministre de l\u2019\u00c9conomie, des Finances et de l\u2019Investissement"},"content":{"rendered":"<div><img decoding=\"async\" src=\"https:\/\/linitiative.ca\/International\/wp-content\/uploads\/sites\/23\/2021\/08\/1627936542_article.jpg\" alt=\"Qui est Sihem Boughdiri Nemsia, nouvelle ministre de l\u2019\u00c9conomie, des Finances et de l\u2019Investissement\" align=\"left\">\u00c9narque, dipl\u00f4m\u00e9e du cycle sup\u00e9rieur 1991), conseill\u00e8re des services publics, Sihem Boughdiri Nemsia, 56 ans, est titulaire d\u2019une maitrise en sciences \u00e9conomiques (1988) et du dipl\u00f4me de l\u2019\u00c9cole nationale des Imp\u00f4ts de Clair Montferrand (1990). Alignant 28 ans de service au sein du minist\u00e8re des Finances, elle \u00e9tait jusqu\u2019\u00e0 tout r\u00e9cemment directrice g\u00e9n\u00e9rale des \u00c9tudes et l\u00e9gislations fiscales, charg\u00e9e de mission au cabinet du ministre.<\/p>\n<p>Mme Boughdiri Nemsia est particuli\u00e8rement sp\u00e9cialis\u00e9e dans l\u2019\u00e9laboration de la l\u00e9gislation fiscale, et des mesures fiscales de la loi des finances ainsi que des notes communes explicatives. Elle a dirig\u00e9 le groupe de &#8230;<\/p>\n<\/div>\n<p>Auteur:<br \/>\n<a href=\"https:\/\/www.leaders.com.tn\/article\/32236-qui-est-sihem-boughdiri-nemsia-nouvelle-ministre-de-l-economie-des-finances-et-de-l-investissement\">Cliquez ici pour lire l&rsquo;article depuis sa source.<\/a><\/p>\n","protected":false},"excerpt":{"rendered":"<p>\u00c9narque, dipl\u00f4m\u00e9e du cycle sup\u00e9rieur 1991), conseill\u00e8re des services publics, Sihem Boughdiri Nemsia, 56 ans, est titulaire d\u2019une maitrise en sciences \u00e9conomiques (1988) et du dipl\u00f4me de l\u2019\u00c9cole nationale des Imp\u00f4ts de Clair Montferrand (1990). Alignant 28 ans de service au sein du minist\u00e8re des Finances, elle \u00e9tait jusqu\u2019\u00e0 tout r\u00e9cemment directrice g\u00e9n\u00e9rale des \u00c9tudes [&hellip;]<\/p>\n","protected":false},"author":1772,"featured_media":0,"comment_status":"closed","ping_status":"closed","sticky":false,"template":"","format":"standard","meta":{"fifu_image_url":"http:\/\/www.leaders.com.tn\/uploads\/content\/thumbnails_small\/1627936542_article.jpg","fifu_image_alt":"Qui est Sihem Boughdiri Nemsia, nouvelle ministre de l\u2019\u00c9conomie, des Finances et de l\u2019Investissement","footnotes":""},"categories":[73,55],"tags":[],"class_list":["post-123058","post","type-post","status-publish","format-standard","hentry","category-actualite","category-tunisie"],"_links":{"self":[{"href":"https:\/\/linitiative.ca\/International\/wp-json\/wp\/v2\/posts\/123058","targetHints":{"allow":["GET"]}}],"collection":[{"href":"https:\/\/linitiative.ca\/International\/wp-json\/wp\/v2\/posts"}],"about":[{"href":"https:\/\/linitiative.ca\/International\/wp-json\/wp\/v2\/types\/post"}],"author":[{"embeddable":true,"href":"https:\/\/linitiative.ca\/International\/wp-json\/wp\/v2\/users\/1772"}],"replies":[{"embeddable":true,"href":"https:\/\/linitiative.ca\/International\/wp-json\/wp\/v2\/comments?post=123058"}],"version-history":[{"count":0,"href":"https:\/\/linitiative.ca\/International\/wp-json\/wp\/v2\/posts\/123058\/revisions"}],"wp:attachment":[{"href":"https:\/\/linitiative.ca\/International\/wp-json\/wp\/v2\/media?parent=123058"}],"wp:term":[{"taxonomy":"category","embeddable":true,"href":"https:\/\/linitiative.ca\/International\/wp-json\/wp\/v2\/categories?post=123058"},{"taxonomy":"post_tag","embeddable":true,"href":"https:\/\/linitiative.ca\/International\/wp-json\/wp\/v2\/tags?post=123058"}],"curies":[{"name":"wp","href":"https:\/\/api.w.org\/{rel}","templated":true}]}}