{"id":123066,"date":"2021-08-02T13:38:18","date_gmt":"2021-08-02T17:38:18","guid":{"rendered":"https:\/\/linitiative.ca\/International\/ministere-de-leconomie-des-finances-et-de-la-reforme-administrative-un-nouvel-organigramme-entre-en-vigueur\/"},"modified":"2021-08-02T13:38:18","modified_gmt":"2021-08-02T17:38:18","slug":"ministere-de-leconomie-des-finances-et-de-la-reforme-administrative-un-nouvel-organigramme-entre-en-vigueur","status":"publish","type":"post","link":"https:\/\/linitiative.ca\/International\/ministere-de-leconomie-des-finances-et-de-la-reforme-administrative-un-nouvel-organigramme-entre-en-vigueur\/","title":{"rendered":"Minist\u00e8re de l\u2019\u00c9conomie, des Finances et de la r\u00e9forme administrative. Un nouvel organigramme entre en vigueur"},"content":{"rendered":"<div><img decoding=\"async\" width=\"746\" height=\"380\" src=\"https:\/\/linitiative.ca\/International\/wp-content\/uploads\/sites\/23\/2021\/08\/ministre-economie-finance-maroc-2.jpg\" class=\"attachment-post-thumbnail size-post-thumbnail wp-post-image\" alt=\"\" loading=\"lazy\" srcset=\"https:\/\/linitiative.ca\/International\/wp-content\/uploads\/sites\/23\/2021\/08\/ministre-economie-finance-maroc-2.jpg 746w, https:\/\/www.challenge.ma\/wp-content\/uploads\/2021\/08\/ministre-economie-finance-maroc-2-300x153.jpg 300w, https:\/\/www.challenge.ma\/wp-content\/uploads\/2021\/08\/ministre-economie-finance-maroc-2-360x183.jpg 360w\" sizes=\"auto, (max-width: 746px) 100vw, 746px\" itemprop=\"image\">Par arr\u00eat\u00e9 du ministre des Finances, publi\u00e9 dans le bulletin officiel du 29 juillet, le minist\u00e8re de l\u2019\u00c9conomie, des Finances et de la r\u00e9forme administrative (MEFRA) vient de proc\u00e9der \u00e0 une restructuration partielle, au niveau de cinq directions centrales. En effet, les changements introduits, au niveau des organigrammes de cinq<\/div>\n<p>Auteur: Mohamed Amine<br \/>\n<a href=\"https:\/\/www.challenge.ma\/ministere-de-leconomie-des-finances-et-de-la-reforme-administrative-un-nouvel-organigramme-entre-en-vigueur-194763\/\">Cliquez ici pour lire l&rsquo;article depuis sa source.<\/a><\/p>\n","protected":false},"excerpt":{"rendered":"<p>Par arr\u00eat\u00e9 du ministre des Finances, publi\u00e9 dans le bulletin officiel du 29 juillet, le minist\u00e8re de l\u2019\u00c9conomie, des Finances et de la r\u00e9forme administrative (MEFRA) vient de proc\u00e9der \u00e0 une restructuration partielle, au niveau de cinq directions centrales. En effet, les changements introduits, au niveau des organigrammes de cinq Auteur: Mohamed Amine Cliquez ici [&hellip;]<\/p>\n","protected":false},"author":1787,"featured_media":0,"comment_status":"closed","ping_status":"closed","sticky":false,"template":"","format":"standard","meta":{"fifu_image_url":"https:\/\/www.challenge.ma\/wp-content\/uploads\/2021\/08\/ministre-economie-finance-maroc-2.jpg","fifu_image_alt":"Minist\u00e8re de l\u2019\u00c9conomie, des Finances et de la r\u00e9forme administrative. Un nouvel organigramme entre en vigueur","footnotes":""},"categories":[78,54],"tags":[],"class_list":["post-123066","post","type-post","status-publish","format-standard","hentry","category-economie","category-maroc"],"_links":{"self":[{"href":"https:\/\/linitiative.ca\/International\/wp-json\/wp\/v2\/posts\/123066","targetHints":{"allow":["GET"]}}],"collection":[{"href":"https:\/\/linitiative.ca\/International\/wp-json\/wp\/v2\/posts"}],"about":[{"href":"https:\/\/linitiative.ca\/International\/wp-json\/wp\/v2\/types\/post"}],"author":[{"embeddable":true,"href":"https:\/\/linitiative.ca\/International\/wp-json\/wp\/v2\/users\/1787"}],"replies":[{"embeddable":true,"href":"https:\/\/linitiative.ca\/International\/wp-json\/wp\/v2\/comments?post=123066"}],"version-history":[{"count":0,"href":"https:\/\/linitiative.ca\/International\/wp-json\/wp\/v2\/posts\/123066\/revisions"}],"wp:attachment":[{"href":"https:\/\/linitiative.ca\/International\/wp-json\/wp\/v2\/media?parent=123066"}],"wp:term":[{"taxonomy":"category","embeddable":true,"href":"https:\/\/linitiative.ca\/International\/wp-json\/wp\/v2\/categories?post=123066"},{"taxonomy":"post_tag","embeddable":true,"href":"https:\/\/linitiative.ca\/International\/wp-json\/wp\/v2\/tags?post=123066"}],"curies":[{"name":"wp","href":"https:\/\/api.w.org\/{rel}","templated":true}]}}