{"id":123068,"date":"2021-08-02T13:55:02","date_gmt":"2021-08-02T17:55:02","guid":{"rendered":"https:\/\/linitiative.ca\/International\/covid-19-un-couvre-feu-nocturne-est-decrete-de-21h-a-5h-par-le-gouvernement\/"},"modified":"2021-08-02T13:55:02","modified_gmt":"2021-08-02T17:55:02","slug":"covid-19-un-couvre-feu-nocturne-est-decrete-de-21h-a-5h-par-le-gouvernement","status":"publish","type":"post","link":"https:\/\/linitiative.ca\/International\/covid-19-un-couvre-feu-nocturne-est-decrete-de-21h-a-5h-par-le-gouvernement\/","title":{"rendered":"Covid-19. Un couvre-feu nocturne est d\u00e9cr\u00e9t\u00e9 de 21h \u00e0 5h par le gouvernement"},"content":{"rendered":"<div><img decoding=\"async\" width=\"275\" height=\"183\" src=\"https:\/\/linitiative.ca\/International\/wp-content\/uploads\/sites\/23\/2021\/08\/reat.jpg\" class=\"attachment-post-thumbnail size-post-thumbnail wp-post-image\" alt=\"\" loading=\"lazy\" itemprop=\"image\">Dans un communiqu\u00e9 publi\u00e9 le lundi 2 ao\u00fbt en fin de journ\u00e9e, le gouvernement annonce de nouvelles restrictions de mobilit\u00e9 et de rassemblements, avec extension du couvre-feu. Une entr\u00e9e en vigueur qui sera effective ce mardi 3 ao\u00fbt \u00e0 partir de 21 heures. Conform\u00e9ment aux recommandations du comit\u00e9 scientifique et<\/div>\n<p>Auteur: challenge<br \/>\n<a href=\"https:\/\/www.challenge.ma\/covid-19-un-couvre-feu-nocturne-est-decrete-de-21h-a-5h-par-le-gouvernement-194772\/\">Cliquez ici pour lire l&rsquo;article depuis sa source.<\/a><\/p>\n","protected":false},"excerpt":{"rendered":"<p>Dans un communiqu\u00e9 publi\u00e9 le lundi 2 ao\u00fbt en fin de journ\u00e9e, le gouvernement annonce de nouvelles restrictions de mobilit\u00e9 et de rassemblements, avec extension du couvre-feu. Une entr\u00e9e en vigueur qui sera effective ce mardi 3 ao\u00fbt \u00e0 partir de 21 heures. Conform\u00e9ment aux recommandations du comit\u00e9 scientifique et Auteur: challenge Cliquez ici pour [&hellip;]<\/p>\n","protected":false},"author":1787,"featured_media":0,"comment_status":"closed","ping_status":"closed","sticky":false,"template":"","format":"standard","meta":{"fifu_image_url":"https:\/\/www.challenge.ma\/wp-content\/uploads\/2021\/08\/reat.jpg","fifu_image_alt":"Covid-19. Un couvre-feu nocturne est d\u00e9cr\u00e9t\u00e9 de 21h \u00e0 5h par le gouvernement","footnotes":""},"categories":[78,54],"tags":[],"class_list":["post-123068","post","type-post","status-publish","format-standard","hentry","category-economie","category-maroc"],"_links":{"self":[{"href":"https:\/\/linitiative.ca\/International\/wp-json\/wp\/v2\/posts\/123068","targetHints":{"allow":["GET"]}}],"collection":[{"href":"https:\/\/linitiative.ca\/International\/wp-json\/wp\/v2\/posts"}],"about":[{"href":"https:\/\/linitiative.ca\/International\/wp-json\/wp\/v2\/types\/post"}],"author":[{"embeddable":true,"href":"https:\/\/linitiative.ca\/International\/wp-json\/wp\/v2\/users\/1787"}],"replies":[{"embeddable":true,"href":"https:\/\/linitiative.ca\/International\/wp-json\/wp\/v2\/comments?post=123068"}],"version-history":[{"count":0,"href":"https:\/\/linitiative.ca\/International\/wp-json\/wp\/v2\/posts\/123068\/revisions"}],"wp:attachment":[{"href":"https:\/\/linitiative.ca\/International\/wp-json\/wp\/v2\/media?parent=123068"}],"wp:term":[{"taxonomy":"category","embeddable":true,"href":"https:\/\/linitiative.ca\/International\/wp-json\/wp\/v2\/categories?post=123068"},{"taxonomy":"post_tag","embeddable":true,"href":"https:\/\/linitiative.ca\/International\/wp-json\/wp\/v2\/tags?post=123068"}],"curies":[{"name":"wp","href":"https:\/\/api.w.org\/{rel}","templated":true}]}}