{"id":123070,"date":"2021-08-02T16:24:43","date_gmt":"2021-08-02T20:24:43","guid":{"rendered":"https:\/\/linitiative.ca\/International\/kais-saied-video-jai-limoge-ali-kooli-pour-cette-raison\/"},"modified":"2021-08-02T16:24:43","modified_gmt":"2021-08-02T20:24:43","slug":"kais-saied-video-jai-limoge-ali-kooli-pour-cette-raison","status":"publish","type":"post","link":"https:\/\/linitiative.ca\/International\/kais-saied-video-jai-limoge-ali-kooli-pour-cette-raison\/","title":{"rendered":"Kais Saied [VIDEO] : \u00ab J\u2019ai limog\u00e9 Ali Kooli pour cette raison \u00bb"},"content":{"rendered":"<div>\n<p>Lors de sa rencontre ce lundi avec la charg\u00e9e du d\u00e9partement de l\u2019Economie et des Finances, le pr\u00e9sident de la R\u00e9publique, Kais Sa\u00efed a critiqu\u00e9 le ministre limog\u00e9 Ali Kooli. \u201cIl ne r\u00e9pondait pas au t\u00e9l\u00e9phone, constamment \u00e9teint et refusait de venir car il avait une visite du chef du gouvernement \u00e0 pr\u00e9parer. Une situation [\u2026]<\/p>\n<p>L\u2019article <a href=\"https:\/\/www.tunisienumerique.com\/kais-saied-video-jai-limoge-ali-kooli-pour-cette-raison\/\">Kais Saied [VIDEO] : \u00ab J\u2019ai limog\u00e9 Ali Kooli pour cette raison \u00bb<\/a> est apparu en premier sur <a href=\"https:\/\/www.tunisienumerique.com\/\">Tunisie<\/a>.<\/p>\n<\/div>\n<p>Auteur: rania ben slimane<br \/>\n<a href=\"https:\/\/www.tunisienumerique.com\/kais-saied-video-jai-limoge-ali-kooli-pour-cette-raison\/\">Cliquez ici pour lire l&rsquo;article depuis sa source.<\/a><\/p>\n","protected":false},"excerpt":{"rendered":"<p>Lors de sa rencontre ce lundi avec la charg\u00e9e du d\u00e9partement de l\u2019Economie et des Finances, le pr\u00e9sident de la R\u00e9publique, Kais Sa\u00efed a critiqu\u00e9 le ministre limog\u00e9 Ali Kooli. \u201cIl ne r\u00e9pondait pas au t\u00e9l\u00e9phone, constamment \u00e9teint et refusait de venir car il avait une visite du chef du gouvernement \u00e0 pr\u00e9parer. Une situation [&hellip;]<\/p>\n","protected":false},"author":1789,"featured_media":0,"comment_status":"closed","ping_status":"closed","sticky":false,"template":"","format":"standard","meta":{"fifu_image_url":"","fifu_image_alt":"","footnotes":""},"categories":[73,55],"tags":[],"class_list":["post-123070","post","type-post","status-publish","format-standard","hentry","category-actualite","category-tunisie"],"_links":{"self":[{"href":"https:\/\/linitiative.ca\/International\/wp-json\/wp\/v2\/posts\/123070","targetHints":{"allow":["GET"]}}],"collection":[{"href":"https:\/\/linitiative.ca\/International\/wp-json\/wp\/v2\/posts"}],"about":[{"href":"https:\/\/linitiative.ca\/International\/wp-json\/wp\/v2\/types\/post"}],"author":[{"embeddable":true,"href":"https:\/\/linitiative.ca\/International\/wp-json\/wp\/v2\/users\/1789"}],"replies":[{"embeddable":true,"href":"https:\/\/linitiative.ca\/International\/wp-json\/wp\/v2\/comments?post=123070"}],"version-history":[{"count":0,"href":"https:\/\/linitiative.ca\/International\/wp-json\/wp\/v2\/posts\/123070\/revisions"}],"wp:attachment":[{"href":"https:\/\/linitiative.ca\/International\/wp-json\/wp\/v2\/media?parent=123070"}],"wp:term":[{"taxonomy":"category","embeddable":true,"href":"https:\/\/linitiative.ca\/International\/wp-json\/wp\/v2\/categories?post=123070"},{"taxonomy":"post_tag","embeddable":true,"href":"https:\/\/linitiative.ca\/International\/wp-json\/wp\/v2\/tags?post=123070"}],"curies":[{"name":"wp","href":"https:\/\/api.w.org\/{rel}","templated":true}]}}