{"id":123072,"date":"2021-08-02T16:31:24","date_gmt":"2021-08-02T20:31:24","guid":{"rendered":"https:\/\/linitiative.ca\/International\/tunisie-mandat-de-depot-en-prison-a-lencontre-du-depute-faycal-tebbini\/"},"modified":"2021-08-02T16:31:24","modified_gmt":"2021-08-02T20:31:24","slug":"tunisie-mandat-de-depot-en-prison-a-lencontre-du-depute-faycal-tebbini","status":"publish","type":"post","link":"https:\/\/linitiative.ca\/International\/tunisie-mandat-de-depot-en-prison-a-lencontre-du-depute-faycal-tebbini\/","title":{"rendered":"Tunisie \u2013 Mandat de d\u00e9p\u00f4t en prison \u00e0 l\u2019encontre du d\u00e9put\u00e9 Fay\u00e7al Tebbini"},"content":{"rendered":"<div>\n<p>Le magistrat charg\u00e9 de l\u2019instruction de l\u2019affaire du d\u00e9put\u00e9 Fay\u00e7al Tebbini, au tribunal de premi\u00e8re instance de Jendouba,\u00a0 a \u00e9mis \u00e0 son encontre un mandat de d\u00e9p\u00f4t en prison. Il a, aussit\u00f4t, \u00e9t\u00e9 incarc\u00e9r\u00e9 \u00e0 la prison civile du Sers au Kef.<\/p>\n<p>L\u2019article <a href=\"https:\/\/www.tunisienumerique.com\/tunisie-mandat-de-depot-en-prison-a-lencontre-du-depute-faycal-tebbini\/\">Tunisie \u2013 Mandat de d\u00e9p\u00f4t en prison \u00e0 l\u2019encontre du d\u00e9put\u00e9 Fay\u00e7al Tebbini<\/a> est apparu en premier sur <a href=\"https:\/\/www.tunisienumerique.com\/\">Tunisie<\/a>.<\/p>\n<\/div>\n<p>Auteur: LM<br \/>\n<a href=\"https:\/\/www.tunisienumerique.com\/tunisie-mandat-de-depot-en-prison-a-lencontre-du-depute-faycal-tebbini\/\">Cliquez ici pour lire l&rsquo;article depuis sa source.<\/a><\/p>\n","protected":false},"excerpt":{"rendered":"<p>Le magistrat charg\u00e9 de l\u2019instruction de l\u2019affaire du d\u00e9put\u00e9 Fay\u00e7al Tebbini, au tribunal de premi\u00e8re instance de Jendouba,\u00a0 a \u00e9mis \u00e0 son encontre un mandat de d\u00e9p\u00f4t en prison. Il a, aussit\u00f4t, \u00e9t\u00e9 incarc\u00e9r\u00e9 \u00e0 la prison civile du Sers au Kef. L\u2019article Tunisie \u2013 Mandat de d\u00e9p\u00f4t en prison \u00e0 l\u2019encontre du d\u00e9put\u00e9 Fay\u00e7al [&hellip;]<\/p>\n","protected":false},"author":1789,"featured_media":0,"comment_status":"closed","ping_status":"closed","sticky":false,"template":"","format":"standard","meta":{"fifu_image_url":"","fifu_image_alt":"","footnotes":""},"categories":[73,55],"tags":[],"class_list":["post-123072","post","type-post","status-publish","format-standard","hentry","category-actualite","category-tunisie"],"_links":{"self":[{"href":"https:\/\/linitiative.ca\/International\/wp-json\/wp\/v2\/posts\/123072","targetHints":{"allow":["GET"]}}],"collection":[{"href":"https:\/\/linitiative.ca\/International\/wp-json\/wp\/v2\/posts"}],"about":[{"href":"https:\/\/linitiative.ca\/International\/wp-json\/wp\/v2\/types\/post"}],"author":[{"embeddable":true,"href":"https:\/\/linitiative.ca\/International\/wp-json\/wp\/v2\/users\/1789"}],"replies":[{"embeddable":true,"href":"https:\/\/linitiative.ca\/International\/wp-json\/wp\/v2\/comments?post=123072"}],"version-history":[{"count":0,"href":"https:\/\/linitiative.ca\/International\/wp-json\/wp\/v2\/posts\/123072\/revisions"}],"wp:attachment":[{"href":"https:\/\/linitiative.ca\/International\/wp-json\/wp\/v2\/media?parent=123072"}],"wp:term":[{"taxonomy":"category","embeddable":true,"href":"https:\/\/linitiative.ca\/International\/wp-json\/wp\/v2\/categories?post=123072"},{"taxonomy":"post_tag","embeddable":true,"href":"https:\/\/linitiative.ca\/International\/wp-json\/wp\/v2\/tags?post=123072"}],"curies":[{"name":"wp","href":"https:\/\/api.w.org\/{rel}","templated":true}]}}