{"id":123073,"date":"2021-08-02T17:10:31","date_gmt":"2021-08-02T21:10:31","guid":{"rendered":"https:\/\/linitiative.ca\/International\/tunisie-erdogan-se-permet-de-singerer-ouvertement-dans-les-affaires-internes-tunisiennes\/"},"modified":"2021-08-02T17:10:31","modified_gmt":"2021-08-02T21:10:31","slug":"tunisie-erdogan-se-permet-de-singerer-ouvertement-dans-les-affaires-internes-tunisiennes","status":"publish","type":"post","link":"https:\/\/linitiative.ca\/International\/tunisie-erdogan-se-permet-de-singerer-ouvertement-dans-les-affaires-internes-tunisiennes\/","title":{"rendered":"Tunisie \u2013 Erdogan se permet de s\u2019ing\u00e9rer ouvertement dans les affaires internes tunisiennes"},"content":{"rendered":"<div>\n<p>La pr\u00e9sidence de la Turquie a publi\u00e9 un communiqu\u00e9, dans lequel elle assure que le pr\u00e9sident turc, l\u2019islamiste, Erdogan, s\u2019est entretenu, ce lundi, avec le chef de l\u2019Etat tunisien, Ka\u00efs Sa\u00efed. Au cours de cet entretien, Erdogan n\u2019a pas h\u00e9sit\u00e9 \u00e0 s\u2019ing\u00e9rer de fa\u00e7on ouverte, dans les affaires internes tunisiennes, en demandant \u00e0 Ka\u00efs Sa\u00efed [\u2026]<\/p>\n<p>L\u2019article <a href=\"https:\/\/www.tunisienumerique.com\/tunisie-erdogan-se-permet-de-singerer-ouvertement-dans-les-affaires-internes-tunisiennes\/\">Tunisie \u2013 Erdogan se permet de s\u2019ing\u00e9rer ouvertement dans les affaires internes tunisiennes<\/a> est apparu en premier sur <a href=\"https:\/\/www.tunisienumerique.com\/\">Tunisie<\/a>.<\/p>\n<\/div>\n<p>Auteur: LM<br \/>\n<a href=\"https:\/\/www.tunisienumerique.com\/tunisie-erdogan-se-permet-de-singerer-ouvertement-dans-les-affaires-internes-tunisiennes\/\">Cliquez ici pour lire l&rsquo;article depuis sa source.<\/a><\/p>\n","protected":false},"excerpt":{"rendered":"<p>La pr\u00e9sidence de la Turquie a publi\u00e9 un communiqu\u00e9, dans lequel elle assure que le pr\u00e9sident turc, l\u2019islamiste, Erdogan, s\u2019est entretenu, ce lundi, avec le chef de l\u2019Etat tunisien, Ka\u00efs Sa\u00efed. Au cours de cet entretien, Erdogan n\u2019a pas h\u00e9sit\u00e9 \u00e0 s\u2019ing\u00e9rer de fa\u00e7on ouverte, dans les affaires internes tunisiennes, en demandant \u00e0 Ka\u00efs Sa\u00efed [&hellip;]<\/p>\n","protected":false},"author":1789,"featured_media":0,"comment_status":"closed","ping_status":"closed","sticky":false,"template":"","format":"standard","meta":{"fifu_image_url":"","fifu_image_alt":"","footnotes":""},"categories":[73,55],"tags":[],"class_list":["post-123073","post","type-post","status-publish","format-standard","hentry","category-actualite","category-tunisie"],"_links":{"self":[{"href":"https:\/\/linitiative.ca\/International\/wp-json\/wp\/v2\/posts\/123073","targetHints":{"allow":["GET"]}}],"collection":[{"href":"https:\/\/linitiative.ca\/International\/wp-json\/wp\/v2\/posts"}],"about":[{"href":"https:\/\/linitiative.ca\/International\/wp-json\/wp\/v2\/types\/post"}],"author":[{"embeddable":true,"href":"https:\/\/linitiative.ca\/International\/wp-json\/wp\/v2\/users\/1789"}],"replies":[{"embeddable":true,"href":"https:\/\/linitiative.ca\/International\/wp-json\/wp\/v2\/comments?post=123073"}],"version-history":[{"count":0,"href":"https:\/\/linitiative.ca\/International\/wp-json\/wp\/v2\/posts\/123073\/revisions"}],"wp:attachment":[{"href":"https:\/\/linitiative.ca\/International\/wp-json\/wp\/v2\/media?parent=123073"}],"wp:term":[{"taxonomy":"category","embeddable":true,"href":"https:\/\/linitiative.ca\/International\/wp-json\/wp\/v2\/categories?post=123073"},{"taxonomy":"post_tag","embeddable":true,"href":"https:\/\/linitiative.ca\/International\/wp-json\/wp\/v2\/tags?post=123073"}],"curies":[{"name":"wp","href":"https:\/\/api.w.org\/{rel}","templated":true}]}}