{"id":123074,"date":"2021-08-02T17:15:03","date_gmt":"2021-08-02T21:15:03","guid":{"rendered":"https:\/\/linitiative.ca\/International\/tunisie-imed-hammami-la-clique-de-ghannouchi-est-la-cause-des-malheurs-dennahdha\/"},"modified":"2021-08-02T17:15:03","modified_gmt":"2021-08-02T21:15:03","slug":"tunisie-imed-hammami-la-clique-de-ghannouchi-est-la-cause-des-malheurs-dennahdha","status":"publish","type":"post","link":"https:\/\/linitiative.ca\/International\/tunisie-imed-hammami-la-clique-de-ghannouchi-est-la-cause-des-malheurs-dennahdha\/","title":{"rendered":"Tunisie \u2013 Imed Hammami\u00a0: La clique de Ghannouchi est la cause des malheurs d\u2019Ennahdha"},"content":{"rendered":"<div>\n<p>Une premi\u00e8re\u00a0: Le dirigeant au sein du parti islamistd\u2019Ennahdha, Imed Hammami, a accus\u00e9 le pr\u00e9sident du parti Rachedd Ghannouchi et sa clique, compos\u00e9e, essentiellement de Noureddine Bhiri et Abdelkarim Harouni, d\u2019\u00eatre la cause des malheurs que connait Ennahdha, en ce moment. Il a expliqu\u00e9 que la crise couvait depuis plus d\u2019une ann\u00e9e, et que les [\u2026]<\/p>\n<p>L\u2019article <a href=\"https:\/\/www.tunisienumerique.com\/tunisie-imed-hammami-la-clique-de-ghannouchi-est-la-cause-des-malheurs-dennahdha\/\">Tunisie \u2013 Imed Hammami\u00a0: La clique de Ghannouchi est la cause des malheurs d\u2019Ennahdha<\/a> est apparu en premier sur <a href=\"https:\/\/www.tunisienumerique.com\/\">Tunisie<\/a>.<\/p>\n<\/div>\n<p>Auteur: LM<br \/>\n<a href=\"https:\/\/www.tunisienumerique.com\/tunisie-imed-hammami-la-clique-de-ghannouchi-est-la-cause-des-malheurs-dennahdha\/\">Cliquez ici pour lire l&rsquo;article depuis sa source.<\/a><\/p>\n","protected":false},"excerpt":{"rendered":"<p>Une premi\u00e8re\u00a0: Le dirigeant au sein du parti islamistd\u2019Ennahdha, Imed Hammami, a accus\u00e9 le pr\u00e9sident du parti Rachedd Ghannouchi et sa clique, compos\u00e9e, essentiellement de Noureddine Bhiri et Abdelkarim Harouni, d\u2019\u00eatre la cause des malheurs que connait Ennahdha, en ce moment. Il a expliqu\u00e9 que la crise couvait depuis plus d\u2019une ann\u00e9e, et que les [&hellip;]<\/p>\n","protected":false},"author":1789,"featured_media":0,"comment_status":"closed","ping_status":"closed","sticky":false,"template":"","format":"standard","meta":{"fifu_image_url":"","fifu_image_alt":"","footnotes":""},"categories":[73,55],"tags":[],"class_list":["post-123074","post","type-post","status-publish","format-standard","hentry","category-actualite","category-tunisie"],"_links":{"self":[{"href":"https:\/\/linitiative.ca\/International\/wp-json\/wp\/v2\/posts\/123074","targetHints":{"allow":["GET"]}}],"collection":[{"href":"https:\/\/linitiative.ca\/International\/wp-json\/wp\/v2\/posts"}],"about":[{"href":"https:\/\/linitiative.ca\/International\/wp-json\/wp\/v2\/types\/post"}],"author":[{"embeddable":true,"href":"https:\/\/linitiative.ca\/International\/wp-json\/wp\/v2\/users\/1789"}],"replies":[{"embeddable":true,"href":"https:\/\/linitiative.ca\/International\/wp-json\/wp\/v2\/comments?post=123074"}],"version-history":[{"count":0,"href":"https:\/\/linitiative.ca\/International\/wp-json\/wp\/v2\/posts\/123074\/revisions"}],"wp:attachment":[{"href":"https:\/\/linitiative.ca\/International\/wp-json\/wp\/v2\/media?parent=123074"}],"wp:term":[{"taxonomy":"category","embeddable":true,"href":"https:\/\/linitiative.ca\/International\/wp-json\/wp\/v2\/categories?post=123074"},{"taxonomy":"post_tag","embeddable":true,"href":"https:\/\/linitiative.ca\/International\/wp-json\/wp\/v2\/tags?post=123074"}],"curies":[{"name":"wp","href":"https:\/\/api.w.org\/{rel}","templated":true}]}}