{"id":123077,"date":"2021-08-02T16:02:01","date_gmt":"2021-08-02T20:02:01","guid":{"rendered":"https:\/\/linitiative.ca\/International\/polemique-autour-de-la-designation-du-president-de-la-ceni-en-rdc\/"},"modified":"2021-08-02T16:02:01","modified_gmt":"2021-08-02T20:02:01","slug":"polemique-autour-de-la-designation-du-president-de-la-ceni-en-rdc","status":"publish","type":"post","link":"https:\/\/linitiative.ca\/International\/polemique-autour-de-la-designation-du-president-de-la-ceni-en-rdc\/","title":{"rendered":"POLEMIQUE AUTOUR DE LA DESIGNATION DU PRESIDENT DE LA CENI EN RDC  \u00a0"},"content":{"rendered":"<div>\n<p><img decoding=\"async\" width=\"592\" height=\"296\" src=\"https:\/\/linitiative.ca\/International\/wp-content\/uploads\/sites\/23\/2021\/08\/RDC.jpg\" class=\"attachment- size- wp-post-image\" alt=\"\" loading=\"lazy\" style=\"float:left; margin:0 15px 15px 0;\" srcset=\"https:\/\/linitiative.ca\/International\/wp-content\/uploads\/sites\/23\/2021\/08\/RDC.jpg 592w, https:\/\/lepays.bf\/wp-content\/uploads\/2021\/08\/RDC-300x150.jpg 300w\" sizes=\"auto, (max-width: 592px) 100vw, 592px\">Qui succ\u00e9dera \u00e0 Corneille Nangaa \u00e0 la t\u00eate de la Commission \u00e9lectorale nationale ind\u00e9pendante (CENI) en R\u00e9publique d\u00e9mocratique du Congo (RDC)\u00a0? Voici une question \u00e0 laquelle il est difficile de r\u00e9pondre, tant la situation para\u00eet pour le moins confuse. En effet, on se rappelle que l\u2019Assembl\u00e9e nationale, peu avant le divorce entre le Front commun \u2026<\/p>\n<p>L\u2019article <a rel=\"nofollow\" href=\"https:\/\/lepays.bf\/polemique-autour-de-la-designation-du-president-de-la-ceni-en-rdc\/\">POLEMIQUE AUTOUR DE LA DESIGNATION DU PRESIDENT DE LA CENI EN RDC  \u00a0<\/a> est apparu en premier sur <a rel=\"nofollow\" href=\"https:\/\/lepays.bf\/\">Editions Le Pays<\/a>.<\/p>\n<\/div>\n<p>Auteur: Editions LEPAYS<br \/>\n<a href=\"https:\/\/lepays.bf\/polemique-autour-de-la-designation-du-president-de-la-ceni-en-rdc\/\">Cliquez ici pour lire l&rsquo;article depuis sa source.<\/a><\/p>\n","protected":false},"excerpt":{"rendered":"<p>Qui succ\u00e9dera \u00e0 Corneille Nangaa \u00e0 la t\u00eate de la Commission \u00e9lectorale nationale ind\u00e9pendante (CENI) en R\u00e9publique d\u00e9mocratique du Congo (RDC)\u00a0? Voici une question \u00e0 laquelle il est difficile de r\u00e9pondre, tant la situation para\u00eet pour le moins confuse. En effet, on se rappelle que l\u2019Assembl\u00e9e nationale, peu avant le divorce entre le Front commun [&hellip;]<\/p>\n","protected":false},"author":1813,"featured_media":0,"comment_status":"closed","ping_status":"closed","sticky":false,"template":"","format":"standard","meta":{"fifu_image_url":"https:\/\/lepays.bf\/wp-content\/uploads\/2021\/08\/RDC.jpg","fifu_image_alt":"POLEMIQUE AUTOUR DE LA DESIGNATION DU PRESIDENT DE LA CENI EN RDC  \u00a0","footnotes":""},"categories":[73,81],"tags":[],"class_list":["post-123077","post","type-post","status-publish","format-standard","hentry","category-actualite","category-burkina-faso"],"_links":{"self":[{"href":"https:\/\/linitiative.ca\/International\/wp-json\/wp\/v2\/posts\/123077","targetHints":{"allow":["GET"]}}],"collection":[{"href":"https:\/\/linitiative.ca\/International\/wp-json\/wp\/v2\/posts"}],"about":[{"href":"https:\/\/linitiative.ca\/International\/wp-json\/wp\/v2\/types\/post"}],"author":[{"embeddable":true,"href":"https:\/\/linitiative.ca\/International\/wp-json\/wp\/v2\/users\/1813"}],"replies":[{"embeddable":true,"href":"https:\/\/linitiative.ca\/International\/wp-json\/wp\/v2\/comments?post=123077"}],"version-history":[{"count":0,"href":"https:\/\/linitiative.ca\/International\/wp-json\/wp\/v2\/posts\/123077\/revisions"}],"wp:attachment":[{"href":"https:\/\/linitiative.ca\/International\/wp-json\/wp\/v2\/media?parent=123077"}],"wp:term":[{"taxonomy":"category","embeddable":true,"href":"https:\/\/linitiative.ca\/International\/wp-json\/wp\/v2\/categories?post=123077"},{"taxonomy":"post_tag","embeddable":true,"href":"https:\/\/linitiative.ca\/International\/wp-json\/wp\/v2\/tags?post=123077"}],"curies":[{"name":"wp","href":"https:\/\/api.w.org\/{rel}","templated":true}]}}