{"id":123079,"date":"2021-08-02T10:49:19","date_gmt":"2021-08-02T14:49:19","guid":{"rendered":"https:\/\/linitiative.ca\/International\/fete-nationale-du-benin-patrice-talon-appelle-ses-concitoyens-a-un-sursaut\/"},"modified":"2021-08-02T10:49:19","modified_gmt":"2021-08-02T14:49:19","slug":"fete-nationale-du-benin-patrice-talon-appelle-ses-concitoyens-a-un-sursaut","status":"publish","type":"post","link":"https:\/\/linitiative.ca\/International\/fete-nationale-du-benin-patrice-talon-appelle-ses-concitoyens-a-un-sursaut\/","title":{"rendered":"F\u00eate nationale du B\u00e9nin: Patrice Talon appelle ses concitoyens \u00e0 un sursaut  \u00a0"},"content":{"rendered":"<div>\n<p><strong>Le B\u00e9nin a c\u00e9l\u00e9br\u00e9 dans la sobri\u00e9t\u00e9, le 61<sup>e<\/sup> anniversaire de son accession \u00e0 l\u2019ind\u00e9pendance, le 1<sup>er<\/sup> ao\u00fbt 2021 \u00e0 Cotonou, sous la pr\u00e9sidence du chef de l\u2019Etat, Patrice Talon.<\/strong><\/p>\n<p>\u00a0<\/p>\n<p>\u00a0<\/p>\n<p>\u00a0<\/p>\n<p>Tout comme l\u2019ann\u00e9e derni\u00e8re, le B\u00e9nin n\u2019a pas c\u00e9l\u00e9br\u00e9 avec faste sa f\u00eate nationale. Le 61<sup>e<\/sup> anniversaire de l\u2019accession \u00e0 l\u2019ind\u00e9pendance du pays a \u00e9t\u00e9 comm\u00e9mor\u00e9 dans la simplicit\u00e9, le 1<sup>er<\/sup> ao\u00fbt 2021, en raison de la crise sanitaire de la Covid-19<strong>. <\/strong>Il n\u2019y a pas eu de d\u00e9cor particulier dans la ville de Cotonou, \u00e0 part les quelques drapeaux qui flottaient \u00e7\u00e0 et l\u00e0 sur des b\u00e2timents publics<strong>.\u00a0 <\/strong>Les B\u00e9ninois n\u2019ont pas eu \u00e0 droit \u00e0 un d\u00e9fil\u00e9 militaire, comme en 2020, mais ont pu suivre en direct, sur les antennes de la t\u00e9l\u00e9vision nationale (ORTB), les deux temps forts de cette c\u00e9l\u00e9bration, pr\u00e9sid\u00e9e par le chef de l\u2019Etat, Patrice Talon. Il s\u2019agit du traditionnel d\u00e9p\u00f4t de gerbe au pied du Monument aux morts \u00e0 Xwlacodji dans le 5<sup>e <\/sup>arrondissement de Cotonou et d\u2019une prise d\u2019armes au Palais de la Marina, organis\u00e9s dans la matin\u00e9e. \u00a0Peu avant 10 heures, le pr\u00e9sident Talon a sacrifi\u00e9 au rituel du d\u00e9p\u00f4t de gerbe de fleurs, un moment <em>\u00ab\u00a0symbolique\u00a0\u00bb<\/em> au cours duquel, il a \u00e9galement proc\u00e9d\u00e9 \u00e0 la sonnerie aux morts et \u00e0 l\u2019allumage de la flamme de l\u2019espoir et qui rappelle les souvenirs des soldats et h\u00e9ros du B\u00e9nin.\u00a0 A 10 heures pr\u00e9cises, M. Talon a regagn\u00e9 le palais pr\u00e9sidentiel, o\u00f9 l\u2019attendait tous les membres du gouvernement, pour la c\u00e9r\u00e9monie de prises d\u2019armes, sous fond de fanfare. \u00a0Cette \u00e9tape, qui a \u00e9galement connu la pr\u00e9sence du chef d\u2019Etat-major g\u00e9n\u00e9ral des arm\u00e9es du B\u00e9nin, le contre-amiral, Patrick Aho, a \u00e9t\u00e9 marqu\u00e9e par une revue des troupes, l\u2019ex\u00e9cution de l\u2019hymne national et le salut au drapeau.<\/p>\n<p><strong>L\u2019adresse \u00e0 la nation<\/strong><\/p>\n<p>La veille, au soir, le chef de l\u2019Etat, qui entame un second mandat, s\u2019est adress\u00e9 \u00e0 la nation dans un discours t\u00e9l\u00e9vis\u00e9.\u00a0 <em>\u00ab\u00a0La c\u00e9l\u00e9bration de notre f\u00eate nationale, comm\u00e9morative de notre ind\u00e9pendance, nous donne chaque fois l\u2019occasion de c\u00e9l\u00e9brer ce que nous sommes\u00a0: un pays souverain, un peuple fier et responsable, une nation qui se r\u00e9alise et construit, pas \u00e0 pas mais r\u00e9solument, son d\u00e9veloppement\u00a0\u00bb<\/em>, a-t-il d\u2019embl\u00e9e d\u00e9clar\u00e9. Pour faire progresser le B\u00e9nin, a soulign\u00e9 le pr\u00e9sident Talon, il faut travailler <em>\u00ab\u00a0encore et encore\u00a0\u00bb,<\/em> pour ne pas d\u00e9pendre de la charit\u00e9 des autres. Il a \u00e9voqu\u00e9 pour ce faire les <em>\u00ab\u00a0avanc\u00e9es remarquables<\/em>\u00a0\u00bb, qui permettent de construire <em>\u00ab\u00a0pas \u00e0 pas\u00a0\u00bb,<\/em> dans tous les domaines, les fondamentaux du d\u00e9veloppement socio\u00e9conomique du pays.\u00a0 <em>\u00ab\u00a0Nous pouvons \u00eatre fiers de ce que nous sommes d\u00e9sormais capables de construire notre pays, et de r\u00e9aliser l\u2019essentiel de ce qui nous manque\u00a0\u00bb<\/em>, a affirm\u00e9 le locataire du Palais de la Marina.\u00a0 Il s\u2019est f\u00e9licit\u00e9 de ce que le B\u00e9nin a commenc\u00e9 <em>\u00ab\u00a0r\u00e9ellement\u00a0\u00bb <\/em>\u00e0 mat\u00e9rialiser son ind\u00e9pendance. \u00a0Il a appel\u00e9 alors \u00e0 un sursaut national, pour porter le pays \u00e0 un niveau de d\u00e9veloppement plus important. Il a relev\u00e9, entre autres, les d\u00e9fis \u00e0 relever en mati\u00e8re de promotion de la femme, d\u2019\u00e9ducation et de formation des citoyens, de d\u00e9centralisation et de s\u00e9curit\u00e9.\u00a0 <em>\u00ab\u00a0Les mesures que nous avons prises dans le cadre de la lutte contre l\u2019ins\u00e9curit\u00e9 et le terrorisme, seront maintenues et renforc\u00e9es. Ces fl\u00e9aux, nous le savons, troublent la qui\u00e9tude des nations et compromettent leur d\u00e9veloppement\u00a0\u00bb,<\/em> a assur\u00e9 le pr\u00e9sident Talon.\u00a0\u00a0 Il dit vouloir compter sur tous ses compatriotes, m\u00eame les prisonniers qui vont b\u00e9n\u00e9ficier de la gr\u00e2ce pr\u00e9sidentielle, pour pousser le pays loin sur le chemin du d\u00e9veloppement.<\/p>\n<p>\u00a0<\/p>\n<p><strong>Kader Patrick KARANTO<\/strong><\/p>\n<p><strong>Depuis Cotonou <\/strong><\/p>\n<p>L\u2019article <a rel=\"nofollow\" href=\"https:\/\/www.sidwaya.info\/blog\/2021\/08\/02\/fete-nationale-du-benin-patrice-talon-appelle-ses-concitoyens-a-un-sursaut\/\">F\u00eate nationale du B\u00e9nin: Patrice Talon appelle ses concitoyens \u00e0 un sursaut  \u00a0<\/a> est apparu en premier sur <a rel=\"nofollow\" href=\"https:\/\/www.sidwaya.info\/\">Quotidien Sidwaya<\/a>.<\/p>\n<\/div>\n<p>Auteur: BANGRE SIDWAYA<br \/>\n<a href=\"https:\/\/www.sidwaya.info\/blog\/2021\/08\/02\/fete-nationale-du-benin-patrice-talon-appelle-ses-concitoyens-a-un-sursaut\/\">Cliquez ici pour lire l&rsquo;article depuis sa source.<\/a><\/p>\n","protected":false},"excerpt":{"rendered":"<p>Le B\u00e9nin a c\u00e9l\u00e9br\u00e9 dans la sobri\u00e9t\u00e9, le 61e anniversaire de son accession \u00e0 l\u2019ind\u00e9pendance, le 1er ao\u00fbt 2021 \u00e0 Cotonou, sous la pr\u00e9sidence du chef de l\u2019Etat, Patrice Talon. \u00a0 \u00a0 \u00a0 Tout comme l\u2019ann\u00e9e derni\u00e8re, le B\u00e9nin n\u2019a pas c\u00e9l\u00e9br\u00e9 avec faste sa f\u00eate nationale. Le 61e anniversaire de l\u2019accession \u00e0 l\u2019ind\u00e9pendance du [&hellip;]<\/p>\n","protected":false},"author":1816,"featured_media":0,"comment_status":"closed","ping_status":"closed","sticky":false,"template":"","format":"standard","meta":{"fifu_image_url":"","fifu_image_alt":"","footnotes":""},"categories":[73,81],"tags":[],"class_list":["post-123079","post","type-post","status-publish","format-standard","hentry","category-actualite","category-burkina-faso"],"_links":{"self":[{"href":"https:\/\/linitiative.ca\/International\/wp-json\/wp\/v2\/posts\/123079","targetHints":{"allow":["GET"]}}],"collection":[{"href":"https:\/\/linitiative.ca\/International\/wp-json\/wp\/v2\/posts"}],"about":[{"href":"https:\/\/linitiative.ca\/International\/wp-json\/wp\/v2\/types\/post"}],"author":[{"embeddable":true,"href":"https:\/\/linitiative.ca\/International\/wp-json\/wp\/v2\/users\/1816"}],"replies":[{"embeddable":true,"href":"https:\/\/linitiative.ca\/International\/wp-json\/wp\/v2\/comments?post=123079"}],"version-history":[{"count":0,"href":"https:\/\/linitiative.ca\/International\/wp-json\/wp\/v2\/posts\/123079\/revisions"}],"wp:attachment":[{"href":"https:\/\/linitiative.ca\/International\/wp-json\/wp\/v2\/media?parent=123079"}],"wp:term":[{"taxonomy":"category","embeddable":true,"href":"https:\/\/linitiative.ca\/International\/wp-json\/wp\/v2\/categories?post=123079"},{"taxonomy":"post_tag","embeddable":true,"href":"https:\/\/linitiative.ca\/International\/wp-json\/wp\/v2\/tags?post=123079"}],"curies":[{"name":"wp","href":"https:\/\/api.w.org\/{rel}","templated":true}]}}